{"id":73347,"date":"2018-05-04T10:13:37","date_gmt":"2018-05-04T10:13:37","guid":{"rendered":"http:\/\/santanderinagroup.com\/textil-santanderina-collaborates-with-the-ultra-clean-marathon\/"},"modified":"2018-07-17T11:18:38","modified_gmt":"2018-07-17T11:18:38","slug":"textil-santanderina-colabora-con-la-ultra-clean-marathon","status":"publish","type":"post","link":"https:\/\/santanderinagroup.com\/es\/textil-santanderina-colabora-con-la-ultra-clean-marathon\/","title":{"rendered":"Textil Santanderina colabora con la Ultra Clean Marathon"},"content":{"rendered":"<div class=\"wpb-content-wrapper\"><p>[vc_row unlock_row=\u00bb\u00bb row_height_percent=\u00bb0&#8243; override_padding=\u00bbyes\u00bb h_padding=\u00bb2&#8243; top_padding=\u00bb0&#8243; bottom_padding=\u00bb0&#8243; overlay_alpha=\u00bb100&#8243; gutter_size=\u00bb3&#8243; column_width_percent=\u00bb100&#8243; shift_y=\u00bb0&#8243; z_index=\u00bb0&#8243; row_height_use_pixel=\u00bb\u00bb css=\u00bb.vc_custom_1511874355341{padding-top: 0px !important;padding-bottom: 0px !important;}\u00bb][vc_column column_width_use_pixel=\u00bbyes\u00bb overlay_alpha=\u00bb50&#8243; gutter_size=\u00bb3&#8243; medium_width=\u00bb0&#8243; shift_x=\u00bb0&#8243; shift_y=\u00bb0&#8243; zoom_width=\u00bb0&#8243; zoom_height=\u00bb0&#8243; column_width_pixel=\u00bb800&#8243; width=\u00bb2\/12&#8243;][\/vc_column][vc_column width=\u00bb8\/12&#8243;][vc_column_text]<\/p>\n<h1 style=\"text-align: center;\">Textil Santanderina colabora con la Ultra Clean Marathon<\/h1>\n<p>[\/vc_column_text][\/vc_column][vc_column width=\u00bb2\/12&#8243;][\/vc_column][\/vc_row][vc_row unlock_row=\u00bb\u00bb row_height_percent=\u00bb0&#8243; override_padding=\u00bbyes\u00bb h_padding=\u00bb2&#8243; top_padding=\u00bb2&#8243; bottom_padding=\u00bb0&#8243; overlay_alpha=\u00bb100&#8243; gutter_size=\u00bb3&#8243; column_width_percent=\u00bb100&#8243; shift_y=\u00bb0&#8243; z_index=\u00bb0&#8243; row_height_use_pixel=\u00bb\u00bb css=\u00bb.vc_custom_1511874253033{padding-top: 0px !important;padding-bottom: 0px !important;}\u00bb][vc_column column_width_use_pixel=\u00bbyes\u00bb overlay_alpha=\u00bb50&#8243; gutter_size=\u00bb3&#8243; medium_width=\u00bb0&#8243; shift_x=\u00bb0&#8243; shift_y=\u00bb0&#8243; zoom_width=\u00bb0&#8243; zoom_height=\u00bb0&#8243; column_width_pixel=\u00bb800&#8243; width=\u00bb1\/12&#8243;][\/vc_column][vc_column column_width_percent=\u00bb100&#8243; override_padding=\u00bbyes\u00bb column_padding=\u00bb0&#8243; overlay_alpha=\u00bb50&#8243; gutter_size=\u00bb3&#8243; medium_width=\u00bb0&#8243; mobile_width=\u00bb0&#8243; shift_x=\u00bb0&#8243; shift_y=\u00bb0&#8243; shift_y_down=\u00bb0&#8243; z_index=\u00bb0&#8243; width=\u00bb10\/12&#8243; css=\u00bb.vc_custom_1511872399723{padding-top: 0px !important;padding-bottom: 0px !important;}\u00bb][vc_column_text css=\u00bb.vc_custom_1526374178310{padding-top: 0px !important;padding-bottom: 0px !important;}\u00bb]<\/p>\n<h4 style=\"text-align: center;\"><em>La Vanguardia<\/em><br \/>\n04.05.2018<\/h4>\n<p>[\/vc_column_text][\/vc_column][vc_column width=\u00bb1\/12&#8243;][\/vc_column][\/vc_row][vc_row unlock_row=\u00bb\u00bb row_height_percent=\u00bb0&#8243; override_padding=\u00bbyes\u00bb h_padding=\u00bb2&#8243; top_padding=\u00bb2&#8243; bottom_padding=\u00bb0&#8243; overlay_alpha=\u00bb100&#8243; gutter_size=\u00bb3&#8243; column_width_percent=\u00bb100&#8243; shift_y=\u00bb0&#8243; z_index=\u00bb0&#8243; row_height_use_pixel=\u00bb\u00bb css=\u00bb.vc_custom_1511874265481{padding-top: 0px !important;padding-bottom: 0px !important;}\u00bb][vc_column column_width_use_pixel=\u00bbyes\u00bb overlay_alpha=\u00bb50&#8243; gutter_size=\u00bb3&#8243; medium_width=\u00bb0&#8243; shift_x=\u00bb0&#8243; shift_y=\u00bb0&#8243; zoom_width=\u00bb0&#8243; zoom_height=\u00bb0&#8243; column_width_pixel=\u00bb800&#8243; width=\u00bb2\/12&#8243;][\/vc_column][vc_column width=\u00bb8\/12&#8243;][vc_column_text]<\/p>\n<p style=\"text-align: center;\">Un marat\u00f3n al d\u00eda durante una semana. Este es el reto que propone la Ultra Clean Marathon, que aparte de correr 42 kil\u00f3metros diarios consiste en que los participantes recojan residuos que se encuentren en la naturaleza a lo largo del recorrido.<br \/>\nLos corredores Albert Bosch y Nicole Ribera recorrer\u00e1n los 295 kil\u00f3metros que dura el marat\u00f3n por m\u00faltiples demarcaciones de Catalunya que cuentan con alto valor paisaj\u00edstico.<br \/>\nEl objetivo de la Ultra Clean Marathon es aumentar la concienciaci\u00f3n y movilizaci\u00f3n ciudadana, reducir residuos en espacios naturales y promover medidas de conservaci\u00f3n de la naturaleza. Por eso, desde Santanderina le hemos dado todo nuestro apoyo.<\/p>\n<p>[\/vc_column_text][\/vc_column][vc_column width=\u00bb2\/12&#8243;][\/vc_column][\/vc_row][vc_row unlock_row=\u00bb\u00bb row_height_percent=\u00bb0&#8243; override_padding=\u00bbyes\u00bb h_padding=\u00bb2&#8243; top_padding=\u00bb2&#8243; bottom_padding=\u00bb2&#8243; overlay_alpha=\u00bb100&#8243; gutter_size=\u00bb3&#8243; column_width_percent=\u00bb100&#8243; shift_y=\u00bb0&#8243; z_index=\u00bb0&#8243; row_height_use_pixel=\u00bb\u00bb css=\u00bb.vc_custom_1526374864134{padding-top: 0px !important;padding-bottom: 0px !important;}\u00bb][vc_column column_width_percent=\u00bb100&#8243; overlay_alpha=\u00bb50&#8243; gutter_size=\u00bb3&#8243; medium_width=\u00bb0&#8243; mobile_width=\u00bb0&#8243; shift_x=\u00bb0&#8243; shift_y=\u00bb0&#8243; shift_y_down=\u00bb0&#8243; z_index=\u00bb0&#8243; zoom_width=\u00bb0&#8243; zoom_height=\u00bb0&#8243; width=\u00bb2\/12&#8243;][\/vc_column][vc_column width=\u00bb8\/12&#8243;][vc_single_image media=\u00bb72932&#8243; media_width_percent=\u00bb100&#8243;][\/vc_column][vc_column width=\u00bb2\/12&#8243;][\/vc_column][\/vc_row][vc_row unlock_row=\u00bb\u00bb row_height_percent=\u00bb0&#8243; overlay_alpha=\u00bb100&#8243; gutter_size=\u00bb3&#8243; column_width_percent=\u00bb100&#8243; shift_y=\u00bb0&#8243; z_index=\u00bb0&#8243; row_height_use_pixel=\u00bb\u00bb css=\u00bb.vc_custom_1504784505151{padding-top: 0px !important;padding-bottom: 0px !important;}\u00bb][vc_column column_width_use_pixel=\u00bbyes\u00bb overlay_alpha=\u00bb50&#8243; gutter_size=\u00bb3&#8243; medium_width=\u00bb0&#8243; shift_x=\u00bb0&#8243; shift_y=\u00bb0&#8243; zoom_width=\u00bb0&#8243; zoom_height=\u00bb0&#8243; column_width_pixel=\u00bb800&#8243; width=\u00bb2\/12&#8243;][\/vc_column][vc_column column_width_percent=\u00bb100&#8243; align_horizontal=\u00bbalign_center\u00bb overlay_alpha=\u00bb50&#8243; gutter_size=\u00bb3&#8243; medium_width=\u00bb0&#8243; mobile_width=\u00bb0&#8243; shift_x=\u00bb0&#8243; shift_y=\u00bb0&#8243; shift_y_down=\u00bb0&#8243; z_index=\u00bb0&#8243; width=\u00bb8\/12&#8243; el_class=\u00bbboto-descarrega\u00bb][vc_button button_color=\u00bbcolor-309098&#8243; wide=\u00bbyes\u00bb border_width=\u00bb0&#8243; link=\u00bburl:http%3A%2F%2Fwww.lavanguardia.com%2Fnatural%2F20180504%2F443216436103%2Fultra-clean-marathon-barcelona-catalunya-maraton-solidario-naturaleza.html||target:%20_blank|\u00bb el_class=\u00bbboto-descarrega\u00bb]Ver la noticia completa[\/vc_button][vc_button button_color=\u00bbcolor-309098&#8243; wide=\u00bbyes\u00bb border_width=\u00bb0&#8243; link=\u00bburl:http%3A%2F%2Fultracleanmarathon.cat%2Fes%2F||target:%20_blank|\u00bb el_class=\u00bbboto-descarrega\u00bb]Visitar la web[\/vc_button][\/vc_column][vc_column width=\u00bb2\/12&#8243;][\/vc_column][\/vc_row][vc_row][vc_column width=\u00bb1\/1&#8243;][uncode_block id=\u00bb57860&#8243;][\/vc_column][\/vc_row]<\/p>\n<\/div>","protected":false},"excerpt":{"rendered":"<p>[vc_row unlock_row=\u00bb\u00bb row_height_percent=\u00bb0&#8243; override_padding=\u00bbyes\u00bb h_padding=\u00bb2&#8243; top_padding=\u00bb0&#8243; bottom_padding=\u00bb0&#8243; overlay_alpha=\u00bb100&#8243; gutter_size=\u00bb3&#8243; column_width_percent=\u00bb100&#8243; shift_y=\u00bb0&#8243; z_index=\u00bb0&#8243; row_height_use_pixel=\u00bb\u00bb css=\u00bb.vc_custom_1511874355341{padding-top: 0px !important;padding-bottom: 0px !important;}\u00bb][vc_column column_width_use_pixel=\u00bbyes\u00bb overlay_alpha=\u00bb50&#8243; [&hellip;]<\/p>\n","protected":false},"author":8,"featured_media":72933,"comment_status":"closed","ping_status":"closed","sticky":false,"template":"","format":"standard","meta":{"rs_blank_template":"","rs_page_bg_color":"","slide_template_v7":"","_monsterinsights_skip_tracking":false,"footnotes":"","_links_to":"","_links_to_target":""},"categories":[72],"tags":[],"class_list":["post-73347","post","type-post","status-publish","format-standard","has-post-thumbnail","hentry","category-sin-categorizar"],"yoast_head":"<!-- This site is optimized with the Yoast SEO plugin v28.3 - https:\/\/yoast.com\/product\/yoast-seo-wordpress\/ -->\n<title>Textil Santanderina colabora con la Ultra Clean Marathon - Santanderina Group<\/title>\n<meta name=\"robots\" content=\"index, follow, max-snippet:-1, max-image-preview:large, max-video-preview:-1\" \/>\n<link rel=\"canonical\" href=\"https:\/\/santanderinagroup.com\/textil-santanderina-collaborates-with-the-ultra-clean-marathon\/\" \/>\n<meta property=\"og:locale\" content=\"es_ES\" \/>\n<meta property=\"og:type\" content=\"article\" \/>\n<meta property=\"og:title\" content=\"Textil Santanderina colabora con la Ultra Clean Marathon - Santanderina Group\" \/>\n<meta property=\"og:description\" content=\"[vc_row unlock_row=\u00bb\u00bb row_height_percent=\u00bb0&#8243; override_padding=\u00bbyes\u00bb h_padding=\u00bb2&#8243; top_padding=\u00bb0&#8243; bottom_padding=\u00bb0&#8243; overlay_alpha=\u00bb100&#8243; gutter_size=\u00bb3&#8243; column_width_percent=\u00bb100&#8243; shift_y=\u00bb0&#8243; z_index=\u00bb0&#8243; row_height_use_pixel=\u00bb\u00bb css=\u00bb.vc_custom_1511874355341{padding-top: 0px !important;padding-bottom: 0px !important;}\u00bb][vc_column column_width_use_pixel=\u00bbyes\u00bb overlay_alpha=\u00bb50&#8243; [&hellip;]\" \/>\n<meta property=\"og:url\" content=\"https:\/\/santanderinagroup.com\/textil-santanderina-collaborates-with-the-ultra-clean-marathon\/\" \/>\n<meta property=\"og:site_name\" content=\"Santanderina Group\" \/>\n<meta property=\"article:published_time\" content=\"2018-05-04T10:13:37+00:00\" \/>\n<meta property=\"article:modified_time\" content=\"2018-07-17T11:18:38+00:00\" \/>\n<meta property=\"og:image\" content=\"https:\/\/santanderinagroup.com\/wp-content\/uploads\/2018\/05\/ultraclean-1200x800px.png\" \/>\n\t<meta property=\"og:image:width\" content=\"1200\" \/>\n\t<meta property=\"og:image:height\" content=\"800\" \/>\n\t<meta property=\"og:image:type\" content=\"image\/png\" \/>\n<meta name=\"author\" content=\"Santanderina\" \/>\n<meta name=\"twitter:card\" content=\"summary_large_image\" \/>\n<meta name=\"twitter:label1\" content=\"Escrito por\" \/>\n\t<meta name=\"twitter:data1\" content=\"Santanderina\" \/>\n\t<meta name=\"twitter:label2\" content=\"Tiempo de lectura\" \/>\n\t<meta name=\"twitter:data2\" content=\"3 minutos\" \/>\n<script type=\"application\/ld+json\" class=\"yoast-schema-graph\">{\"@context\":\"https:\\\/\\\/schema.org\",\"@graph\":[{\"@type\":\"Article\",\"@id\":\"https:\\\/\\\/santanderinagroup.com\\\/textil-santanderina-collaborates-with-the-ultra-clean-marathon\\\/#article\",\"isPartOf\":{\"@id\":\"https:\\\/\\\/santanderinagroup.com\\\/textil-santanderina-collaborates-with-the-ultra-clean-marathon\\\/\"},\"author\":{\"name\":\"Santanderina\",\"@id\":\"https:\\\/\\\/santanderinagroup.com\\\/#\\\/schema\\\/person\\\/057dfccf1cbdfb886e47898f3a93f4e6\"},\"headline\":\"Textil Santanderina colabora con la Ultra Clean Marathon\",\"datePublished\":\"2018-05-04T10:13:37+00:00\",\"dateModified\":\"2018-07-17T11:18:38+00:00\",\"mainEntityOfPage\":{\"@id\":\"https:\\\/\\\/santanderinagroup.com\\\/textil-santanderina-collaborates-with-the-ultra-clean-marathon\\\/\"},\"wordCount\":688,\"image\":{\"@id\":\"https:\\\/\\\/santanderinagroup.com\\\/textil-santanderina-collaborates-with-the-ultra-clean-marathon\\\/#primaryimage\"},\"thumbnailUrl\":\"https:\\\/\\\/santanderinagroup.com\\\/wp-content\\\/uploads\\\/2018\\\/05\\\/ultraclean-1200x800px.png\",\"articleSection\":[\"Sin categorizar\"],\"inLanguage\":\"es\"},{\"@type\":\"WebPage\",\"@id\":\"https:\\\/\\\/santanderinagroup.com\\\/textil-santanderina-collaborates-with-the-ultra-clean-marathon\\\/\",\"url\":\"https:\\\/\\\/santanderinagroup.com\\\/textil-santanderina-collaborates-with-the-ultra-clean-marathon\\\/\",\"name\":\"Textil Santanderina colabora con la Ultra Clean Marathon - Santanderina Group\",\"isPartOf\":{\"@id\":\"https:\\\/\\\/santanderinagroup.com\\\/#website\"},\"primaryImageOfPage\":{\"@id\":\"https:\\\/\\\/santanderinagroup.com\\\/textil-santanderina-collaborates-with-the-ultra-clean-marathon\\\/#primaryimage\"},\"image\":{\"@id\":\"https:\\\/\\\/santanderinagroup.com\\\/textil-santanderina-collaborates-with-the-ultra-clean-marathon\\\/#primaryimage\"},\"thumbnailUrl\":\"https:\\\/\\\/santanderinagroup.com\\\/wp-content\\\/uploads\\\/2018\\\/05\\\/ultraclean-1200x800px.png\",\"datePublished\":\"2018-05-04T10:13:37+00:00\",\"dateModified\":\"2018-07-17T11:18:38+00:00\",\"author\":{\"@id\":\"https:\\\/\\\/santanderinagroup.com\\\/#\\\/schema\\\/person\\\/057dfccf1cbdfb886e47898f3a93f4e6\"},\"breadcrumb\":{\"@id\":\"https:\\\/\\\/santanderinagroup.com\\\/textil-santanderina-collaborates-with-the-ultra-clean-marathon\\\/#breadcrumb\"},\"inLanguage\":\"es\",\"potentialAction\":[{\"@type\":\"ReadAction\",\"target\":[\"https:\\\/\\\/santanderinagroup.com\\\/textil-santanderina-collaborates-with-the-ultra-clean-marathon\\\/\"]}]},{\"@type\":\"ImageObject\",\"inLanguage\":\"es\",\"@id\":\"https:\\\/\\\/santanderinagroup.com\\\/textil-santanderina-collaborates-with-the-ultra-clean-marathon\\\/#primaryimage\",\"url\":\"https:\\\/\\\/santanderinagroup.com\\\/wp-content\\\/uploads\\\/2018\\\/05\\\/ultraclean-1200x800px.png\",\"contentUrl\":\"https:\\\/\\\/santanderinagroup.com\\\/wp-content\\\/uploads\\\/2018\\\/05\\\/ultraclean-1200x800px.png\",\"width\":1200,\"height\":800},{\"@type\":\"BreadcrumbList\",\"@id\":\"https:\\\/\\\/santanderinagroup.com\\\/textil-santanderina-collaborates-with-the-ultra-clean-marathon\\\/#breadcrumb\",\"itemListElement\":[{\"@type\":\"ListItem\",\"position\":1,\"name\":\"Home\",\"item\":\"https:\\\/\\\/santanderinagroup.com\\\/es\\\/\"},{\"@type\":\"ListItem\",\"position\":2,\"name\":\"Textil Santanderina colabora con la Ultra Clean Marathon\"}]},{\"@type\":\"WebSite\",\"@id\":\"https:\\\/\\\/santanderinagroup.com\\\/#website\",\"url\":\"https:\\\/\\\/santanderinagroup.com\\\/\",\"name\":\"Santanderina Group\",\"description\":\"\",\"potentialAction\":[{\"@type\":\"SearchAction\",\"target\":{\"@type\":\"EntryPoint\",\"urlTemplate\":\"https:\\\/\\\/santanderinagroup.com\\\/?s={search_term_string}\"},\"query-input\":{\"@type\":\"PropertyValueSpecification\",\"valueRequired\":true,\"valueName\":\"search_term_string\"}}],\"inLanguage\":\"es\"},{\"@type\":\"Person\",\"@id\":\"https:\\\/\\\/santanderinagroup.com\\\/#\\\/schema\\\/person\\\/057dfccf1cbdfb886e47898f3a93f4e6\",\"name\":\"Santanderina\",\"image\":{\"@type\":\"ImageObject\",\"inLanguage\":\"es\",\"@id\":\"https:\\\/\\\/secure.gravatar.com\\\/avatar\\\/d7caa9d385c06a2e1a966477800675d5d2c1803b663893055e1bf5c2f65f32a6?s=96&d=mm&r=g\",\"url\":\"https:\\\/\\\/secure.gravatar.com\\\/avatar\\\/d7caa9d385c06a2e1a966477800675d5d2c1803b663893055e1bf5c2f65f32a6?s=96&d=mm&r=g\",\"contentUrl\":\"https:\\\/\\\/secure.gravatar.com\\\/avatar\\\/d7caa9d385c06a2e1a966477800675d5d2c1803b663893055e1bf5c2f65f32a6?s=96&d=mm&r=g\",\"caption\":\"Santanderina\"}}]}<\/script>\n<!-- \/ Yoast SEO plugin. -->","yoast_head_json":{"title":"Textil Santanderina colabora con la Ultra Clean Marathon - Santanderina Group","robots":{"index":"index","follow":"follow","max-snippet":"max-snippet:-1","max-image-preview":"max-image-preview:large","max-video-preview":"max-video-preview:-1"},"canonical":"https:\/\/santanderinagroup.com\/textil-santanderina-collaborates-with-the-ultra-clean-marathon\/","og_locale":"es_ES","og_type":"article","og_title":"Textil Santanderina colabora con la Ultra Clean Marathon - Santanderina Group","og_description":"[vc_row unlock_row=\u00bb\u00bb row_height_percent=\u00bb0&#8243; override_padding=\u00bbyes\u00bb h_padding=\u00bb2&#8243; top_padding=\u00bb0&#8243; bottom_padding=\u00bb0&#8243; overlay_alpha=\u00bb100&#8243; gutter_size=\u00bb3&#8243; column_width_percent=\u00bb100&#8243; shift_y=\u00bb0&#8243; z_index=\u00bb0&#8243; row_height_use_pixel=\u00bb\u00bb css=\u00bb.vc_custom_1511874355341{padding-top: 0px !important;padding-bottom: 0px !important;}\u00bb][vc_column column_width_use_pixel=\u00bbyes\u00bb overlay_alpha=\u00bb50&#8243; [&hellip;]","og_url":"https:\/\/santanderinagroup.com\/textil-santanderina-collaborates-with-the-ultra-clean-marathon\/","og_site_name":"Santanderina Group","article_published_time":"2018-05-04T10:13:37+00:00","article_modified_time":"2018-07-17T11:18:38+00:00","og_image":[{"width":1200,"height":800,"url":"https:\/\/santanderinagroup.com\/wp-content\/uploads\/2018\/05\/ultraclean-1200x800px.png","type":"image\/png"}],"author":"Santanderina","twitter_card":"summary_large_image","twitter_misc":{"Escrito por":"Santanderina","Tiempo de lectura":"3 minutos"},"schema":{"@context":"https:\/\/schema.org","@graph":[{"@type":"Article","@id":"https:\/\/santanderinagroup.com\/textil-santanderina-collaborates-with-the-ultra-clean-marathon\/#article","isPartOf":{"@id":"https:\/\/santanderinagroup.com\/textil-santanderina-collaborates-with-the-ultra-clean-marathon\/"},"author":{"name":"Santanderina","@id":"https:\/\/santanderinagroup.com\/#\/schema\/person\/057dfccf1cbdfb886e47898f3a93f4e6"},"headline":"Textil Santanderina colabora con la Ultra Clean Marathon","datePublished":"2018-05-04T10:13:37+00:00","dateModified":"2018-07-17T11:18:38+00:00","mainEntityOfPage":{"@id":"https:\/\/santanderinagroup.com\/textil-santanderina-collaborates-with-the-ultra-clean-marathon\/"},"wordCount":688,"image":{"@id":"https:\/\/santanderinagroup.com\/textil-santanderina-collaborates-with-the-ultra-clean-marathon\/#primaryimage"},"thumbnailUrl":"https:\/\/santanderinagroup.com\/wp-content\/uploads\/2018\/05\/ultraclean-1200x800px.png","articleSection":["Sin categorizar"],"inLanguage":"es"},{"@type":"WebPage","@id":"https:\/\/santanderinagroup.com\/textil-santanderina-collaborates-with-the-ultra-clean-marathon\/","url":"https:\/\/santanderinagroup.com\/textil-santanderina-collaborates-with-the-ultra-clean-marathon\/","name":"Textil Santanderina colabora con la Ultra Clean Marathon - Santanderina Group","isPartOf":{"@id":"https:\/\/santanderinagroup.com\/#website"},"primaryImageOfPage":{"@id":"https:\/\/santanderinagroup.com\/textil-santanderina-collaborates-with-the-ultra-clean-marathon\/#primaryimage"},"image":{"@id":"https:\/\/santanderinagroup.com\/textil-santanderina-collaborates-with-the-ultra-clean-marathon\/#primaryimage"},"thumbnailUrl":"https:\/\/santanderinagroup.com\/wp-content\/uploads\/2018\/05\/ultraclean-1200x800px.png","datePublished":"2018-05-04T10:13:37+00:00","dateModified":"2018-07-17T11:18:38+00:00","author":{"@id":"https:\/\/santanderinagroup.com\/#\/schema\/person\/057dfccf1cbdfb886e47898f3a93f4e6"},"breadcrumb":{"@id":"https:\/\/santanderinagroup.com\/textil-santanderina-collaborates-with-the-ultra-clean-marathon\/#breadcrumb"},"inLanguage":"es","potentialAction":[{"@type":"ReadAction","target":["https:\/\/santanderinagroup.com\/textil-santanderina-collaborates-with-the-ultra-clean-marathon\/"]}]},{"@type":"ImageObject","inLanguage":"es","@id":"https:\/\/santanderinagroup.com\/textil-santanderina-collaborates-with-the-ultra-clean-marathon\/#primaryimage","url":"https:\/\/santanderinagroup.com\/wp-content\/uploads\/2018\/05\/ultraclean-1200x800px.png","contentUrl":"https:\/\/santanderinagroup.com\/wp-content\/uploads\/2018\/05\/ultraclean-1200x800px.png","width":1200,"height":800},{"@type":"BreadcrumbList","@id":"https:\/\/santanderinagroup.com\/textil-santanderina-collaborates-with-the-ultra-clean-marathon\/#breadcrumb","itemListElement":[{"@type":"ListItem","position":1,"name":"Home","item":"https:\/\/santanderinagroup.com\/es\/"},{"@type":"ListItem","position":2,"name":"Textil Santanderina colabora con la Ultra Clean Marathon"}]},{"@type":"WebSite","@id":"https:\/\/santanderinagroup.com\/#website","url":"https:\/\/santanderinagroup.com\/","name":"Santanderina Group","description":"","potentialAction":[{"@type":"SearchAction","target":{"@type":"EntryPoint","urlTemplate":"https:\/\/santanderinagroup.com\/?s={search_term_string}"},"query-input":{"@type":"PropertyValueSpecification","valueRequired":true,"valueName":"search_term_string"}}],"inLanguage":"es"},{"@type":"Person","@id":"https:\/\/santanderinagroup.com\/#\/schema\/person\/057dfccf1cbdfb886e47898f3a93f4e6","name":"Santanderina","image":{"@type":"ImageObject","inLanguage":"es","@id":"https:\/\/secure.gravatar.com\/avatar\/d7caa9d385c06a2e1a966477800675d5d2c1803b663893055e1bf5c2f65f32a6?s=96&d=mm&r=g","url":"https:\/\/secure.gravatar.com\/avatar\/d7caa9d385c06a2e1a966477800675d5d2c1803b663893055e1bf5c2f65f32a6?s=96&d=mm&r=g","contentUrl":"https:\/\/secure.gravatar.com\/avatar\/d7caa9d385c06a2e1a966477800675d5d2c1803b663893055e1bf5c2f65f32a6?s=96&d=mm&r=g","caption":"Santanderina"}}]}},"_links":{"self":[{"href":"https:\/\/santanderinagroup.com\/es\/wp-json\/wp\/v2\/posts\/73347","targetHints":{"allow":["GET"]}}],"collection":[{"href":"https:\/\/santanderinagroup.com\/es\/wp-json\/wp\/v2\/posts"}],"about":[{"href":"https:\/\/santanderinagroup.com\/es\/wp-json\/wp\/v2\/types\/post"}],"author":[{"embeddable":true,"href":"https:\/\/santanderinagroup.com\/es\/wp-json\/wp\/v2\/users\/8"}],"replies":[{"embeddable":true,"href":"https:\/\/santanderinagroup.com\/es\/wp-json\/wp\/v2\/comments?post=73347"}],"version-history":[{"count":0,"href":"https:\/\/santanderinagroup.com\/es\/wp-json\/wp\/v2\/posts\/73347\/revisions"}],"wp:featuredmedia":[{"embeddable":true,"href":"https:\/\/santanderinagroup.com\/es\/wp-json\/wp\/v2\/media\/72933"}],"wp:attachment":[{"href":"https:\/\/santanderinagroup.com\/es\/wp-json\/wp\/v2\/media?parent=73347"}],"wp:term":[{"taxonomy":"category","embeddable":true,"href":"https:\/\/santanderinagroup.com\/es\/wp-json\/wp\/v2\/categories?post=73347"},{"taxonomy":"post_tag","embeddable":true,"href":"https:\/\/santanderinagroup.com\/es\/wp-json\/wp\/v2\/tags?post=73347"}],"curies":[{"name":"wp","href":"https:\/\/api.w.org\/{rel}","templated":true}]}}