{"id":73403,"date":"2017-11-27T14:00:26","date_gmt":"2017-11-27T14:00:26","guid":{"rendered":"http:\/\/santanderinagroup.com\/juan-pares-presidente-de-textil-santanderina-entrevista-exclusiva\/"},"modified":"2018-07-17T15:27:38","modified_gmt":"2018-07-17T15:27:38","slug":"juan-pares-presidente-de-textil-santanderina-entrevista-exclusiva","status":"publish","type":"post","link":"https:\/\/santanderinagroup.com\/es\/juan-pares-presidente-de-textil-santanderina-entrevista-exclusiva\/","title":{"rendered":"Juan Par\u00e9s, presidente de Textil Santanderina: Entrevista exclusiva"},"content":{"rendered":"<div class=\"wpb-content-wrapper\"><p>[vc_row unlock_row=\u00bb\u00bb row_height_percent=\u00bb0&#8243; override_padding=\u00bbyes\u00bb h_padding=\u00bb2&#8243; top_padding=\u00bb0&#8243; bottom_padding=\u00bb0&#8243; overlay_alpha=\u00bb100&#8243; gutter_size=\u00bb3&#8243; column_width_percent=\u00bb100&#8243; shift_y=\u00bb0&#8243; z_index=\u00bb0&#8243; row_height_use_pixel=\u00bb\u00bb css=\u00bb.vc_custom_1511874355341{padding-top: 0px !important;padding-bottom: 0px !important;}\u00bb][vc_column column_width_use_pixel=\u00bbyes\u00bb overlay_alpha=\u00bb50&#8243; gutter_size=\u00bb3&#8243; medium_width=\u00bb0&#8243; shift_x=\u00bb0&#8243; shift_y=\u00bb0&#8243; zoom_width=\u00bb0&#8243; zoom_height=\u00bb0&#8243; column_width_pixel=\u00bb800&#8243; width=\u00bb2\/12&#8243;][\/vc_column][vc_column width=\u00bb8\/12&#8243;][vc_column_text]<\/p>\n<h1 style=\"text-align: center;\"><span id=\"result_box\" class=\"\" lang=\"en\"><span class=\"\">Juan Par\u00e9s, presidente de Textil Santanderina: Entrevista exclusiva<\/span><\/span><\/h1>\n<p>[\/vc_column_text][\/vc_column][vc_column width=\u00bb2\/12&#8243;][\/vc_column][\/vc_row][vc_row unlock_row=\u00bb\u00bb row_height_percent=\u00bb0&#8243; override_padding=\u00bbyes\u00bb h_padding=\u00bb2&#8243; top_padding=\u00bb2&#8243; bottom_padding=\u00bb0&#8243; overlay_alpha=\u00bb100&#8243; gutter_size=\u00bb3&#8243; column_width_percent=\u00bb100&#8243; shift_y=\u00bb0&#8243; z_index=\u00bb0&#8243; row_height_use_pixel=\u00bb\u00bb css=\u00bb.vc_custom_1511874253033{padding-top: 0px !important;padding-bottom: 0px !important;}\u00bb][vc_column column_width_use_pixel=\u00bbyes\u00bb overlay_alpha=\u00bb50&#8243; gutter_size=\u00bb3&#8243; medium_width=\u00bb0&#8243; shift_x=\u00bb0&#8243; shift_y=\u00bb0&#8243; zoom_width=\u00bb0&#8243; zoom_height=\u00bb0&#8243; column_width_pixel=\u00bb800&#8243; width=\u00bb1\/12&#8243;][\/vc_column][vc_column column_width_percent=\u00bb100&#8243; override_padding=\u00bbyes\u00bb column_padding=\u00bb0&#8243; overlay_alpha=\u00bb50&#8243; gutter_size=\u00bb3&#8243; medium_width=\u00bb0&#8243; mobile_width=\u00bb0&#8243; shift_x=\u00bb0&#8243; shift_y=\u00bb0&#8243; shift_y_down=\u00bb0&#8243; z_index=\u00bb0&#8243; width=\u00bb10\/12&#8243; css=\u00bb.vc_custom_1511872399723{padding-top: 0px !important;padding-bottom: 0px !important;}\u00bb][vc_column_text css=\u00bb.vc_custom_1511872336684{padding-top: 0px !important;padding-bottom: 0px !important;}\u00bb]<\/p>\n<h4 style=\"text-align: center;\"><em>Pinker Moda<\/em><br \/>\n23.10.2017<\/h4>\n<p>[\/vc_column_text][\/vc_column][vc_column width=\u00bb1\/12&#8243;][\/vc_column][\/vc_row][vc_row unlock_row=\u00bb\u00bb row_height_percent=\u00bb0&#8243; override_padding=\u00bbyes\u00bb h_padding=\u00bb2&#8243; top_padding=\u00bb2&#8243; bottom_padding=\u00bb0&#8243; overlay_alpha=\u00bb100&#8243; gutter_size=\u00bb3&#8243; column_width_percent=\u00bb100&#8243; shift_y=\u00bb0&#8243; z_index=\u00bb0&#8243; row_height_use_pixel=\u00bb\u00bb css=\u00bb.vc_custom_1511874265481{padding-top: 0px !important;padding-bottom: 0px !important;}\u00bb][vc_column column_width_use_pixel=\u00bbyes\u00bb overlay_alpha=\u00bb50&#8243; gutter_size=\u00bb3&#8243; medium_width=\u00bb0&#8243; shift_x=\u00bb0&#8243; shift_y=\u00bb0&#8243; zoom_width=\u00bb0&#8243; zoom_height=\u00bb0&#8243; column_width_pixel=\u00bb800&#8243; width=\u00bb2\/12&#8243;][\/vc_column][vc_column width=\u00bb8\/12&#8243;][vc_column_text]<\/p>\n<h4 style=\"text-align: center;\"><span id=\"result_box\" class=\"\" lang=\"en\"><span class=\"\"><span id=\"result_box\" class=\"\" lang=\"es\">\u00abMientras el precio siga siendo un factor tan importante en el comercio textil, ser\u00e1 dif\u00edcil que una parte significativa de la producci\u00f3n textil regrese a Espa\u00f1a\u00bb.<\/span><\/span><\/span><\/h4>\n<p>[\/vc_column_text][vc_column_text css=\u00bb.vc_custom_1531840921119{margin-top: 20px !important;}\u00bb]<\/p>\n<p style=\"text-align: center;\">Juan Par\u00e9s. Presidente y CEO de Santanderina<\/p>\n<p>[\/vc_column_text][\/vc_column][vc_column width=\u00bb2\/12&#8243;][\/vc_column][\/vc_row][vc_row unlock_row=\u00bb\u00bb row_height_percent=\u00bb0&#8243; override_padding=\u00bbyes\u00bb h_padding=\u00bb2&#8243; top_padding=\u00bb2&#8243; bottom_padding=\u00bb0&#8243; overlay_alpha=\u00bb100&#8243; gutter_size=\u00bb3&#8243; column_width_percent=\u00bb100&#8243; shift_y=\u00bb0&#8243; z_index=\u00bb0&#8243; row_height_use_pixel=\u00bb\u00bb css=\u00bb.vc_custom_1511874385100{padding-top: 0px !important;padding-bottom: 0px !important;}\u00bb][vc_column column_width_percent=\u00bb100&#8243; overlay_alpha=\u00bb50&#8243; gutter_size=\u00bb3&#8243; medium_width=\u00bb0&#8243; mobile_width=\u00bb0&#8243; shift_x=\u00bb0&#8243; shift_y=\u00bb0&#8243; shift_y_down=\u00bb0&#8243; z_index=\u00bb0&#8243; zoom_width=\u00bb0&#8243; zoom_height=\u00bb0&#8243; width=\u00bb2\/12&#8243;][\/vc_column][vc_column width=\u00bb8\/12&#8243;][vc_single_image media=\u00bb73074&#8243; media_width_percent=\u00bb100&#8243;][\/vc_column][vc_column width=\u00bb2\/12&#8243;][\/vc_column][\/vc_row][vc_row unlock_row=\u00bb\u00bb row_height_percent=\u00bb0&#8243; override_padding=\u00bbyes\u00bb h_padding=\u00bb2&#8243; top_padding=\u00bb2&#8243; bottom_padding=\u00bb0&#8243; overlay_alpha=\u00bb100&#8243; gutter_size=\u00bb3&#8243; column_width_percent=\u00bb100&#8243; shift_y=\u00bb0&#8243; z_index=\u00bb0&#8243; row_height_use_pixel=\u00bb\u00bb css=\u00bb.vc_custom_1511874404348{padding-top: 0px !important;padding-bottom: 0px !important;}\u00bb][vc_column column_width_use_pixel=\u00bbyes\u00bb overlay_alpha=\u00bb50&#8243; gutter_size=\u00bb3&#8243; medium_width=\u00bb0&#8243; shift_x=\u00bb0&#8243; shift_y=\u00bb0&#8243; zoom_width=\u00bb0&#8243; zoom_height=\u00bb0&#8243; column_width_pixel=\u00bb800&#8243; width=\u00bb2\/12&#8243;][\/vc_column][vc_column width=\u00bb8\/12&#8243;][vc_column_text]<\/p>\n<p style=\"text-align: center;\"><span id=\"result_box\" class=\"\" lang=\"en\"><span class=\"\">Textil Santanderina es uno de los grupos textiles m\u00e1s grandes de Espa\u00f1a. Actualmente, la empresa tiene siete f\u00e1bricas de hilado, tres f\u00e1bricas de tejidos y dos f\u00e1bricas de acabado en Espa\u00f1a. En julio pasado, los Premios Nacionales de Moda 2016 premiaron la empresa con el premio a la mejor industria textil de Espa\u00f1a. Entrevistamos al presidente de la compa\u00f1\u00eda, el Sr. Juan Par\u00e9s, quien explica algunas claves de su \u00e9xito y avanza los nuevos planes para el futuro.<\/span><\/span><\/p>\n<p>[\/vc_column_text][\/vc_column][vc_column width=\u00bb2\/12&#8243;][\/vc_column][\/vc_row][vc_row unlock_row=\u00bb\u00bb row_height_percent=\u00bb0&#8243; overlay_alpha=\u00bb100&#8243; gutter_size=\u00bb3&#8243; column_width_percent=\u00bb100&#8243; shift_y=\u00bb0&#8243; z_index=\u00bb0&#8243; row_height_use_pixel=\u00bb\u00bb css=\u00bb.vc_custom_1504784505151{padding-top: 0px !important;padding-bottom: 0px !important;}\u00bb][vc_column column_width_use_pixel=\u00bbyes\u00bb overlay_alpha=\u00bb50&#8243; gutter_size=\u00bb3&#8243; medium_width=\u00bb0&#8243; shift_x=\u00bb0&#8243; shift_y=\u00bb0&#8243; zoom_width=\u00bb0&#8243; zoom_height=\u00bb0&#8243; column_width_pixel=\u00bb800&#8243; width=\u00bb2\/12&#8243;][\/vc_column][vc_column column_width_percent=\u00bb100&#8243; align_horizontal=\u00bbalign_center\u00bb overlay_alpha=\u00bb50&#8243; gutter_size=\u00bb3&#8243; medium_width=\u00bb0&#8243; mobile_width=\u00bb0&#8243; shift_x=\u00bb0&#8243; shift_y=\u00bb0&#8243; shift_y_down=\u00bb0&#8243; z_index=\u00bb0&#8243; width=\u00bb8\/12&#8243; el_class=\u00bbboto-descarrega\u00bb][vc_button button_color=\u00bbcolor-309098&#8243; wide=\u00bbyes\u00bb border_width=\u00bb0&#8243; link=\u00bburl:http%3A%2F%2FPINKERMODA.COM%2FJUAN-PARES-TEXTIL-SANTANDERINA%2F||target:%20_blank|\u00bb el_class=\u00bbboto-descarrega\u00bb]Ir a la entrevista completa[\/vc_button][\/vc_column][vc_column width=\u00bb2\/12&#8243;][\/vc_column][\/vc_row][vc_row][vc_column width=\u00bb1\/1&#8243;][uncode_block id=\u00bb57860&#8243;][\/vc_column][\/vc_row]<\/p>\n<\/div>","protected":false},"excerpt":{"rendered":"<p>[vc_row unlock_row=\u00bb\u00bb row_height_percent=\u00bb0&#8243; override_padding=\u00bbyes\u00bb h_padding=\u00bb2&#8243; top_padding=\u00bb0&#8243; bottom_padding=\u00bb0&#8243; overlay_alpha=\u00bb100&#8243; gutter_size=\u00bb3&#8243; column_width_percent=\u00bb100&#8243; shift_y=\u00bb0&#8243; z_index=\u00bb0&#8243; row_height_use_pixel=\u00bb\u00bb css=\u00bb.vc_custom_1511874355341{padding-top: 0px !important;padding-bottom: 0px !important;}\u00bb][vc_column column_width_use_pixel=\u00bbyes\u00bb overlay_alpha=\u00bb50&#8243; [&hellip;]<\/p>\n","protected":false},"author":7,"featured_media":73075,"comment_status":"closed","ping_status":"closed","sticky":false,"template":"","format":"standard","meta":{"rs_blank_template":"","rs_page_bg_color":"","slide_template_v7":"","_monsterinsights_skip_tracking":false,"footnotes":"","_links_to":"","_links_to_target":""},"categories":[72],"tags":[],"class_list":["post-73403","post","type-post","status-publish","format-standard","has-post-thumbnail","hentry","category-sin-categorizar"],"yoast_head":"<!-- This site is optimized with the Yoast SEO plugin v28.3 - https:\/\/yoast.com\/product\/yoast-seo-wordpress\/ -->\n<title>Juan Par\u00e9s, presidente de Textil Santanderina: Entrevista exclusiva - Santanderina Group<\/title>\n<meta name=\"robots\" content=\"index, follow, max-snippet:-1, max-image-preview:large, max-video-preview:-1\" \/>\n<link rel=\"canonical\" href=\"https:\/\/santanderinagroup.com\/juan-pares-president-of-textil-santanderina-exclusive-interview\/\" \/>\n<meta property=\"og:locale\" content=\"es_ES\" \/>\n<meta property=\"og:type\" content=\"article\" \/>\n<meta property=\"og:title\" content=\"Juan Par\u00e9s, presidente de Textil Santanderina: Entrevista exclusiva - Santanderina Group\" \/>\n<meta property=\"og:description\" content=\"[vc_row unlock_row=\u00bb\u00bb row_height_percent=\u00bb0&#8243; override_padding=\u00bbyes\u00bb h_padding=\u00bb2&#8243; top_padding=\u00bb0&#8243; bottom_padding=\u00bb0&#8243; overlay_alpha=\u00bb100&#8243; gutter_size=\u00bb3&#8243; column_width_percent=\u00bb100&#8243; shift_y=\u00bb0&#8243; z_index=\u00bb0&#8243; row_height_use_pixel=\u00bb\u00bb css=\u00bb.vc_custom_1511874355341{padding-top: 0px !important;padding-bottom: 0px !important;}\u00bb][vc_column column_width_use_pixel=\u00bbyes\u00bb overlay_alpha=\u00bb50&#8243; [&hellip;]\" \/>\n<meta property=\"og:url\" content=\"https:\/\/santanderinagroup.com\/juan-pares-president-of-textil-santanderina-exclusive-interview\/\" \/>\n<meta property=\"og:site_name\" content=\"Santanderina Group\" \/>\n<meta property=\"article:published_time\" content=\"2017-11-27T14:00:26+00:00\" \/>\n<meta property=\"article:modified_time\" content=\"2018-07-17T15:27:38+00:00\" \/>\n<meta property=\"og:image\" content=\"https:\/\/santanderinagroup.com\/wp-content\/uploads\/2015\/11\/Santanderina-Juan-Pares-1200x800px.jpg\" \/>\n\t<meta property=\"og:image:width\" content=\"1200\" \/>\n\t<meta property=\"og:image:height\" content=\"800\" \/>\n\t<meta property=\"og:image:type\" content=\"image\/jpeg\" \/>\n<meta name=\"author\" content=\"eurocastalia\" \/>\n<meta name=\"twitter:card\" content=\"summary_large_image\" \/>\n<meta name=\"twitter:label1\" content=\"Escrito por\" \/>\n\t<meta name=\"twitter:data1\" content=\"eurocastalia\" \/>\n\t<meta name=\"twitter:label2\" content=\"Tiempo de lectura\" \/>\n\t<meta name=\"twitter:data2\" content=\"4 minutos\" \/>\n<script type=\"application\/ld+json\" class=\"yoast-schema-graph\">{\"@context\":\"https:\\\/\\\/schema.org\",\"@graph\":[{\"@type\":\"Article\",\"@id\":\"https:\\\/\\\/santanderinagroup.com\\\/juan-pares-president-of-textil-santanderina-exclusive-interview\\\/#article\",\"isPartOf\":{\"@id\":\"https:\\\/\\\/santanderinagroup.com\\\/juan-pares-president-of-textil-santanderina-exclusive-interview\\\/\"},\"author\":{\"name\":\"eurocastalia\",\"@id\":\"https:\\\/\\\/santanderinagroup.com\\\/#\\\/schema\\\/person\\\/2b28c9d4ecbf46c0b229d510831cd552\"},\"headline\":\"Juan Par\u00e9s, presidente de Textil Santanderina: Entrevista exclusiva\",\"datePublished\":\"2017-11-27T14:00:26+00:00\",\"dateModified\":\"2018-07-17T15:27:38+00:00\",\"mainEntityOfPage\":{\"@id\":\"https:\\\/\\\/santanderinagroup.com\\\/juan-pares-president-of-textil-santanderina-exclusive-interview\\\/\"},\"wordCount\":765,\"image\":{\"@id\":\"https:\\\/\\\/santanderinagroup.com\\\/juan-pares-president-of-textil-santanderina-exclusive-interview\\\/#primaryimage\"},\"thumbnailUrl\":\"https:\\\/\\\/santanderinagroup.com\\\/wp-content\\\/uploads\\\/2015\\\/11\\\/Santanderina-Juan-Pares-1200x800px.jpg\",\"articleSection\":[\"Sin categorizar\"],\"inLanguage\":\"es\"},{\"@type\":\"WebPage\",\"@id\":\"https:\\\/\\\/santanderinagroup.com\\\/juan-pares-president-of-textil-santanderina-exclusive-interview\\\/\",\"url\":\"https:\\\/\\\/santanderinagroup.com\\\/juan-pares-president-of-textil-santanderina-exclusive-interview\\\/\",\"name\":\"Juan Par\u00e9s, presidente de Textil Santanderina: Entrevista exclusiva - Santanderina Group\",\"isPartOf\":{\"@id\":\"https:\\\/\\\/santanderinagroup.com\\\/#website\"},\"primaryImageOfPage\":{\"@id\":\"https:\\\/\\\/santanderinagroup.com\\\/juan-pares-president-of-textil-santanderina-exclusive-interview\\\/#primaryimage\"},\"image\":{\"@id\":\"https:\\\/\\\/santanderinagroup.com\\\/juan-pares-president-of-textil-santanderina-exclusive-interview\\\/#primaryimage\"},\"thumbnailUrl\":\"https:\\\/\\\/santanderinagroup.com\\\/wp-content\\\/uploads\\\/2015\\\/11\\\/Santanderina-Juan-Pares-1200x800px.jpg\",\"datePublished\":\"2017-11-27T14:00:26+00:00\",\"dateModified\":\"2018-07-17T15:27:38+00:00\",\"author\":{\"@id\":\"https:\\\/\\\/santanderinagroup.com\\\/#\\\/schema\\\/person\\\/2b28c9d4ecbf46c0b229d510831cd552\"},\"breadcrumb\":{\"@id\":\"https:\\\/\\\/santanderinagroup.com\\\/juan-pares-president-of-textil-santanderina-exclusive-interview\\\/#breadcrumb\"},\"inLanguage\":\"es\",\"potentialAction\":[{\"@type\":\"ReadAction\",\"target\":[\"https:\\\/\\\/santanderinagroup.com\\\/juan-pares-president-of-textil-santanderina-exclusive-interview\\\/\"]}]},{\"@type\":\"ImageObject\",\"inLanguage\":\"es\",\"@id\":\"https:\\\/\\\/santanderinagroup.com\\\/juan-pares-president-of-textil-santanderina-exclusive-interview\\\/#primaryimage\",\"url\":\"https:\\\/\\\/santanderinagroup.com\\\/wp-content\\\/uploads\\\/2015\\\/11\\\/Santanderina-Juan-Pares-1200x800px.jpg\",\"contentUrl\":\"https:\\\/\\\/santanderinagroup.com\\\/wp-content\\\/uploads\\\/2015\\\/11\\\/Santanderina-Juan-Pares-1200x800px.jpg\",\"width\":1200,\"height\":800},{\"@type\":\"BreadcrumbList\",\"@id\":\"https:\\\/\\\/santanderinagroup.com\\\/juan-pares-president-of-textil-santanderina-exclusive-interview\\\/#breadcrumb\",\"itemListElement\":[{\"@type\":\"ListItem\",\"position\":1,\"name\":\"Home\",\"item\":\"https:\\\/\\\/santanderinagroup.com\\\/es\\\/\"},{\"@type\":\"ListItem\",\"position\":2,\"name\":\"Juan Par\u00e9s, presidente de Textil Santanderina: Entrevista exclusiva\"}]},{\"@type\":\"WebSite\",\"@id\":\"https:\\\/\\\/santanderinagroup.com\\\/#website\",\"url\":\"https:\\\/\\\/santanderinagroup.com\\\/\",\"name\":\"Santanderina Group\",\"description\":\"\",\"potentialAction\":[{\"@type\":\"SearchAction\",\"target\":{\"@type\":\"EntryPoint\",\"urlTemplate\":\"https:\\\/\\\/santanderinagroup.com\\\/?s={search_term_string}\"},\"query-input\":{\"@type\":\"PropertyValueSpecification\",\"valueRequired\":true,\"valueName\":\"search_term_string\"}}],\"inLanguage\":\"es\"},{\"@type\":\"Person\",\"@id\":\"https:\\\/\\\/santanderinagroup.com\\\/#\\\/schema\\\/person\\\/2b28c9d4ecbf46c0b229d510831cd552\",\"name\":\"eurocastalia\",\"image\":{\"@type\":\"ImageObject\",\"inLanguage\":\"es\",\"@id\":\"https:\\\/\\\/secure.gravatar.com\\\/avatar\\\/0ec9c164e3d4968e91210fd7e8e25c2da6c7620ee728fffae47d7c9206e9af4d?s=96&d=mm&r=g\",\"url\":\"https:\\\/\\\/secure.gravatar.com\\\/avatar\\\/0ec9c164e3d4968e91210fd7e8e25c2da6c7620ee728fffae47d7c9206e9af4d?s=96&d=mm&r=g\",\"contentUrl\":\"https:\\\/\\\/secure.gravatar.com\\\/avatar\\\/0ec9c164e3d4968e91210fd7e8e25c2da6c7620ee728fffae47d7c9206e9af4d?s=96&d=mm&r=g\",\"caption\":\"eurocastalia\"}}]}<\/script>\n<!-- \/ Yoast SEO plugin. -->","yoast_head_json":{"title":"Juan Par\u00e9s, presidente de Textil Santanderina: Entrevista exclusiva - Santanderina Group","robots":{"index":"index","follow":"follow","max-snippet":"max-snippet:-1","max-image-preview":"max-image-preview:large","max-video-preview":"max-video-preview:-1"},"canonical":"https:\/\/santanderinagroup.com\/juan-pares-president-of-textil-santanderina-exclusive-interview\/","og_locale":"es_ES","og_type":"article","og_title":"Juan Par\u00e9s, presidente de Textil Santanderina: Entrevista exclusiva - Santanderina Group","og_description":"[vc_row unlock_row=\u00bb\u00bb row_height_percent=\u00bb0&#8243; override_padding=\u00bbyes\u00bb h_padding=\u00bb2&#8243; top_padding=\u00bb0&#8243; bottom_padding=\u00bb0&#8243; overlay_alpha=\u00bb100&#8243; gutter_size=\u00bb3&#8243; column_width_percent=\u00bb100&#8243; shift_y=\u00bb0&#8243; z_index=\u00bb0&#8243; row_height_use_pixel=\u00bb\u00bb css=\u00bb.vc_custom_1511874355341{padding-top: 0px !important;padding-bottom: 0px !important;}\u00bb][vc_column column_width_use_pixel=\u00bbyes\u00bb overlay_alpha=\u00bb50&#8243; [&hellip;]","og_url":"https:\/\/santanderinagroup.com\/juan-pares-president-of-textil-santanderina-exclusive-interview\/","og_site_name":"Santanderina Group","article_published_time":"2017-11-27T14:00:26+00:00","article_modified_time":"2018-07-17T15:27:38+00:00","og_image":[{"width":1200,"height":800,"url":"https:\/\/santanderinagroup.com\/wp-content\/uploads\/2015\/11\/Santanderina-Juan-Pares-1200x800px.jpg","type":"image\/jpeg"}],"author":"eurocastalia","twitter_card":"summary_large_image","twitter_misc":{"Escrito por":"eurocastalia","Tiempo de lectura":"4 minutos"},"schema":{"@context":"https:\/\/schema.org","@graph":[{"@type":"Article","@id":"https:\/\/santanderinagroup.com\/juan-pares-president-of-textil-santanderina-exclusive-interview\/#article","isPartOf":{"@id":"https:\/\/santanderinagroup.com\/juan-pares-president-of-textil-santanderina-exclusive-interview\/"},"author":{"name":"eurocastalia","@id":"https:\/\/santanderinagroup.com\/#\/schema\/person\/2b28c9d4ecbf46c0b229d510831cd552"},"headline":"Juan Par\u00e9s, presidente de Textil Santanderina: Entrevista exclusiva","datePublished":"2017-11-27T14:00:26+00:00","dateModified":"2018-07-17T15:27:38+00:00","mainEntityOfPage":{"@id":"https:\/\/santanderinagroup.com\/juan-pares-president-of-textil-santanderina-exclusive-interview\/"},"wordCount":765,"image":{"@id":"https:\/\/santanderinagroup.com\/juan-pares-president-of-textil-santanderina-exclusive-interview\/#primaryimage"},"thumbnailUrl":"https:\/\/santanderinagroup.com\/wp-content\/uploads\/2015\/11\/Santanderina-Juan-Pares-1200x800px.jpg","articleSection":["Sin categorizar"],"inLanguage":"es"},{"@type":"WebPage","@id":"https:\/\/santanderinagroup.com\/juan-pares-president-of-textil-santanderina-exclusive-interview\/","url":"https:\/\/santanderinagroup.com\/juan-pares-president-of-textil-santanderina-exclusive-interview\/","name":"Juan Par\u00e9s, presidente de Textil Santanderina: Entrevista exclusiva - Santanderina Group","isPartOf":{"@id":"https:\/\/santanderinagroup.com\/#website"},"primaryImageOfPage":{"@id":"https:\/\/santanderinagroup.com\/juan-pares-president-of-textil-santanderina-exclusive-interview\/#primaryimage"},"image":{"@id":"https:\/\/santanderinagroup.com\/juan-pares-president-of-textil-santanderina-exclusive-interview\/#primaryimage"},"thumbnailUrl":"https:\/\/santanderinagroup.com\/wp-content\/uploads\/2015\/11\/Santanderina-Juan-Pares-1200x800px.jpg","datePublished":"2017-11-27T14:00:26+00:00","dateModified":"2018-07-17T15:27:38+00:00","author":{"@id":"https:\/\/santanderinagroup.com\/#\/schema\/person\/2b28c9d4ecbf46c0b229d510831cd552"},"breadcrumb":{"@id":"https:\/\/santanderinagroup.com\/juan-pares-president-of-textil-santanderina-exclusive-interview\/#breadcrumb"},"inLanguage":"es","potentialAction":[{"@type":"ReadAction","target":["https:\/\/santanderinagroup.com\/juan-pares-president-of-textil-santanderina-exclusive-interview\/"]}]},{"@type":"ImageObject","inLanguage":"es","@id":"https:\/\/santanderinagroup.com\/juan-pares-president-of-textil-santanderina-exclusive-interview\/#primaryimage","url":"https:\/\/santanderinagroup.com\/wp-content\/uploads\/2015\/11\/Santanderina-Juan-Pares-1200x800px.jpg","contentUrl":"https:\/\/santanderinagroup.com\/wp-content\/uploads\/2015\/11\/Santanderina-Juan-Pares-1200x800px.jpg","width":1200,"height":800},{"@type":"BreadcrumbList","@id":"https:\/\/santanderinagroup.com\/juan-pares-president-of-textil-santanderina-exclusive-interview\/#breadcrumb","itemListElement":[{"@type":"ListItem","position":1,"name":"Home","item":"https:\/\/santanderinagroup.com\/es\/"},{"@type":"ListItem","position":2,"name":"Juan Par\u00e9s, presidente de Textil Santanderina: Entrevista exclusiva"}]},{"@type":"WebSite","@id":"https:\/\/santanderinagroup.com\/#website","url":"https:\/\/santanderinagroup.com\/","name":"Santanderina Group","description":"","potentialAction":[{"@type":"SearchAction","target":{"@type":"EntryPoint","urlTemplate":"https:\/\/santanderinagroup.com\/?s={search_term_string}"},"query-input":{"@type":"PropertyValueSpecification","valueRequired":true,"valueName":"search_term_string"}}],"inLanguage":"es"},{"@type":"Person","@id":"https:\/\/santanderinagroup.com\/#\/schema\/person\/2b28c9d4ecbf46c0b229d510831cd552","name":"eurocastalia","image":{"@type":"ImageObject","inLanguage":"es","@id":"https:\/\/secure.gravatar.com\/avatar\/0ec9c164e3d4968e91210fd7e8e25c2da6c7620ee728fffae47d7c9206e9af4d?s=96&d=mm&r=g","url":"https:\/\/secure.gravatar.com\/avatar\/0ec9c164e3d4968e91210fd7e8e25c2da6c7620ee728fffae47d7c9206e9af4d?s=96&d=mm&r=g","contentUrl":"https:\/\/secure.gravatar.com\/avatar\/0ec9c164e3d4968e91210fd7e8e25c2da6c7620ee728fffae47d7c9206e9af4d?s=96&d=mm&r=g","caption":"eurocastalia"}}]}},"_links":{"self":[{"href":"https:\/\/santanderinagroup.com\/es\/wp-json\/wp\/v2\/posts\/73403","targetHints":{"allow":["GET"]}}],"collection":[{"href":"https:\/\/santanderinagroup.com\/es\/wp-json\/wp\/v2\/posts"}],"about":[{"href":"https:\/\/santanderinagroup.com\/es\/wp-json\/wp\/v2\/types\/post"}],"author":[{"embeddable":true,"href":"https:\/\/santanderinagroup.com\/es\/wp-json\/wp\/v2\/users\/7"}],"replies":[{"embeddable":true,"href":"https:\/\/santanderinagroup.com\/es\/wp-json\/wp\/v2\/comments?post=73403"}],"version-history":[{"count":0,"href":"https:\/\/santanderinagroup.com\/es\/wp-json\/wp\/v2\/posts\/73403\/revisions"}],"wp:featuredmedia":[{"embeddable":true,"href":"https:\/\/santanderinagroup.com\/es\/wp-json\/wp\/v2\/media\/73075"}],"wp:attachment":[{"href":"https:\/\/santanderinagroup.com\/es\/wp-json\/wp\/v2\/media?parent=73403"}],"wp:term":[{"taxonomy":"category","embeddable":true,"href":"https:\/\/santanderinagroup.com\/es\/wp-json\/wp\/v2\/categories?post=73403"},{"taxonomy":"post_tag","embeddable":true,"href":"https:\/\/santanderinagroup.com\/es\/wp-json\/wp\/v2\/tags?post=73403"}],"curies":[{"name":"wp","href":"https:\/\/api.w.org\/{rel}","templated":true}]}}