{"id":73419,"date":"2017-07-17T16:07:45","date_gmt":"2017-07-17T16:07:45","guid":{"rendered":"http:\/\/santanderinagroup.com\/textil-santanderina-premio-nacional-de-la-moda-2\/"},"modified":"2025-03-21T08:14:27","modified_gmt":"2025-03-21T08:14:27","slug":"textil-santanderina-premio-nacional-de-la-moda-2","status":"publish","type":"post","link":"https:\/\/santanderinagroup.com\/es\/textil-santanderina-premio-nacional-de-la-moda-2\/","title":{"rendered":"Textil Santanderina, Premio Nacional de la Moda"},"content":{"rendered":"<div class=\"wpb-content-wrapper\"><p>[vc_row unlock_row=\u00bb\u00bb row_height_percent=\u00bb0&#8243; override_padding=\u00bbyes\u00bb h_padding=\u00bb2&#8243; top_padding=\u00bb0&#8243; bottom_padding=\u00bb0&#8243; overlay_alpha=\u00bb100&#8243; gutter_size=\u00bb3&#8243; column_width_percent=\u00bb100&#8243; shift_y=\u00bb0&#8243; z_index=\u00bb0&#8243; row_height_use_pixel=\u00bb\u00bb css=\u00bb.vc_custom_1511874355341{padding-top: 0px !important;padding-bottom: 0px !important;}\u00bb][vc_column column_width_use_pixel=\u00bbyes\u00bb overlay_alpha=\u00bb50&#8243; gutter_size=\u00bb3&#8243; medium_width=\u00bb0&#8243; shift_x=\u00bb0&#8243; shift_y=\u00bb0&#8243; zoom_width=\u00bb0&#8243; zoom_height=\u00bb0&#8243; column_width_pixel=\u00bb800&#8243; width=\u00bb2\/12&#8243;][\/vc_column][vc_column width=\u00bb8\/12&#8243;][vc_column_text]<\/p>\n<h1 style=\"text-align: center;\">Textil Santanderina, Premio Nacional de la Moda<\/h1>\n<p>[\/vc_column_text][\/vc_column][vc_column width=\u00bb2\/12&#8243;][\/vc_column][\/vc_row][vc_row unlock_row=\u00bb\u00bb row_height_percent=\u00bb0&#8243; override_padding=\u00bbyes\u00bb h_padding=\u00bb2&#8243; top_padding=\u00bb2&#8243; bottom_padding=\u00bb0&#8243; overlay_alpha=\u00bb100&#8243; gutter_size=\u00bb3&#8243; column_width_percent=\u00bb100&#8243; shift_y=\u00bb0&#8243; z_index=\u00bb0&#8243; row_height_use_pixel=\u00bb\u00bb css=\u00bb.vc_custom_1511874253033{padding-top: 0px !important;padding-bottom: 0px !important;}\u00bb][vc_column column_width_use_pixel=\u00bbyes\u00bb overlay_alpha=\u00bb50&#8243; gutter_size=\u00bb3&#8243; medium_width=\u00bb0&#8243; shift_x=\u00bb0&#8243; shift_y=\u00bb0&#8243; zoom_width=\u00bb0&#8243; zoom_height=\u00bb0&#8243; column_width_pixel=\u00bb800&#8243; width=\u00bb1\/12&#8243;][\/vc_column][vc_column column_width_percent=\u00bb100&#8243; override_padding=\u00bbyes\u00bb column_padding=\u00bb0&#8243; overlay_alpha=\u00bb50&#8243; gutter_size=\u00bb3&#8243; medium_width=\u00bb0&#8243; mobile_width=\u00bb0&#8243; shift_x=\u00bb0&#8243; shift_y=\u00bb0&#8243; shift_y_down=\u00bb0&#8243; z_index=\u00bb0&#8243; width=\u00bb10\/12&#8243; css=\u00bb.vc_custom_1511872399723{padding-top: 0px !important;padding-bottom: 0px !important;}\u00bb][vc_column_text css=\u00bb.vc_custom_1511877675374{padding-top: 0px !important;padding-bottom: 0px !important;}\u00bb]<\/p>\n<h4 style=\"text-align: center;\"><em>Moda.es<\/em><br \/>\n17.07.2017<\/h4>\n<p>[\/vc_column_text][\/vc_column][vc_column width=\u00bb1\/12&#8243;][\/vc_column][\/vc_row][vc_row unlock_row=\u00bb\u00bb row_height_percent=\u00bb0&#8243; override_padding=\u00bbyes\u00bb h_padding=\u00bb2&#8243; top_padding=\u00bb2&#8243; bottom_padding=\u00bb0&#8243; overlay_alpha=\u00bb100&#8243; gutter_size=\u00bb3&#8243; column_width_percent=\u00bb100&#8243; shift_y=\u00bb0&#8243; z_index=\u00bb0&#8243; row_height_use_pixel=\u00bb\u00bb css=\u00bb.vc_custom_1511874265481{padding-top: 0px !important;padding-bottom: 0px !important;}\u00bb][vc_column column_width_use_pixel=\u00bbyes\u00bb overlay_alpha=\u00bb50&#8243; gutter_size=\u00bb3&#8243; medium_width=\u00bb0&#8243; shift_x=\u00bb0&#8243; shift_y=\u00bb0&#8243; zoom_width=\u00bb0&#8243; zoom_height=\u00bb0&#8243; column_width_pixel=\u00bb800&#8243; width=\u00bb2\/12&#8243;][\/vc_column][vc_column width=\u00bb8\/12&#8243;][vc_column_text]<\/p>\n<h4 style=\"text-align: center;\">La empresa c\u00e1ntabra Textil Santanderina ha sido reconocida con el galard\u00f3n a la \u2018Industria Textil de Cabecera\u2019 en los IV Premios Nacionales de la Moda, que se han celebrado este lunes en el Museo del Traje de Madrid bajo la presidencia de la Reina Letizia.<\/h4>\n<p>[\/vc_column_text][\/vc_column][vc_column width=\u00bb2\/12&#8243;][\/vc_column][\/vc_row][vc_row unlock_row=\u00bb\u00bb row_height_percent=\u00bb0&#8243; override_padding=\u00bbyes\u00bb h_padding=\u00bb2&#8243; top_padding=\u00bb2&#8243; bottom_padding=\u00bb0&#8243; overlay_alpha=\u00bb100&#8243; gutter_size=\u00bb3&#8243; column_width_percent=\u00bb100&#8243; shift_y=\u00bb0&#8243; z_index=\u00bb0&#8243; row_height_use_pixel=\u00bb\u00bb css=\u00bb.vc_custom_1511874385100{padding-top: 0px !important;padding-bottom: 0px !important;}\u00bb][vc_column column_width_percent=\u00bb100&#8243; overlay_alpha=\u00bb50&#8243; gutter_size=\u00bb3&#8243; medium_width=\u00bb0&#8243; mobile_width=\u00bb0&#8243; shift_x=\u00bb0&#8243; shift_y=\u00bb0&#8243; shift_y_down=\u00bb0&#8243; z_index=\u00bb0&#8243; zoom_width=\u00bb0&#8243; zoom_height=\u00bb0&#8243; width=\u00bb2\/12&#8243;][\/vc_column][vc_column width=\u00bb8\/12&#8243;][vc_single_image media=\u00bb73071&#8243; media_width_percent=\u00bb100&#8243;][\/vc_column][vc_column width=\u00bb2\/12&#8243;][\/vc_column][\/vc_row][vc_row unlock_row=\u00bb\u00bb row_height_percent=\u00bb0&#8243; override_padding=\u00bbyes\u00bb h_padding=\u00bb2&#8243; top_padding=\u00bb2&#8243; bottom_padding=\u00bb0&#8243; overlay_alpha=\u00bb100&#8243; gutter_size=\u00bb3&#8243; column_width_percent=\u00bb100&#8243; shift_y=\u00bb0&#8243; z_index=\u00bb0&#8243; row_height_use_pixel=\u00bb\u00bb css=\u00bb.vc_custom_1511874404348{padding-top: 0px !important;padding-bottom: 0px !important;}\u00bb][vc_column column_width_use_pixel=\u00bbyes\u00bb overlay_alpha=\u00bb50&#8243; gutter_size=\u00bb3&#8243; medium_width=\u00bb0&#8243; shift_x=\u00bb0&#8243; shift_y=\u00bb0&#8243; zoom_width=\u00bb0&#8243; zoom_height=\u00bb0&#8243; column_width_pixel=\u00bb800&#8243; width=\u00bb2\/12&#8243;][\/vc_column][vc_column width=\u00bb8\/12&#8243;][vc_column_text]<\/p>\n<p style=\"text-align: center;\">Ram\u00f3n R\u00edos Quitana (tecero por la izquierda) ha recogido el galard\u00f3n de Textil Santanderina en el Museo del Traje de Madrid. En la imagen, R\u00edos junto a la Reina Letizia y el resto de premiados. \/ Foto: EFE<\/p>\n<p>[\/vc_column_text][\/vc_column][vc_column width=\u00bb2\/12&#8243;][\/vc_column][\/vc_row][vc_row unlock_row=\u00bb\u00bb row_height_percent=\u00bb0&#8243; overlay_alpha=\u00bb100&#8243; gutter_size=\u00bb3&#8243; column_width_percent=\u00bb100&#8243; shift_y=\u00bb0&#8243; z_index=\u00bb0&#8243; row_height_use_pixel=\u00bb\u00bb css=\u00bb.vc_custom_1504784505151{padding-top: 0px !important;padding-bottom: 0px !important;}\u00bb][vc_column column_width_use_pixel=\u00bbyes\u00bb overlay_alpha=\u00bb50&#8243; gutter_size=\u00bb3&#8243; medium_width=\u00bb0&#8243; shift_x=\u00bb0&#8243; shift_y=\u00bb0&#8243; zoom_width=\u00bb0&#8243; zoom_height=\u00bb0&#8243; column_width_pixel=\u00bb800&#8243; width=\u00bb2\/12&#8243;][\/vc_column][vc_column column_width_percent=\u00bb100&#8243; align_horizontal=\u00bbalign_center\u00bb overlay_alpha=\u00bb50&#8243; gutter_size=\u00bb3&#8243; medium_width=\u00bb0&#8243; mobile_width=\u00bb0&#8243; shift_x=\u00bb0&#8243; shift_y=\u00bb0&#8243; shift_y_down=\u00bb0&#8243; z_index=\u00bb0&#8243; width=\u00bb8\/12&#8243; el_class=\u00bbboto-descarrega\u00bb][vc_button button_color=\u00bbcolor-309098&#8243; wide=\u00bbyes\u00bb border_width=\u00bb0&#8243; link=\u00bburl:https%3A%2F%2Fwww.modaes.es%2Fback-stage%2Ftextil-santanderina-y-purificacion-garcia-premios-nacionales-de-la-moda-2016.html||target:%20_blank|\u00bb el_class=\u00bbboto-descarrega\u00bb]Ver la noticia completa[\/vc_button][\/vc_column][vc_column width=\u00bb2\/12&#8243;][\/vc_column][\/vc_row][vc_row][vc_column width=\u00bb1\/1&#8243;][uncode_block id=\u00bb57860&#8243;][\/vc_column][\/vc_row]<\/p>\n<\/div>","protected":false},"excerpt":{"rendered":"<p>[vc_row unlock_row=\u00bb\u00bb row_height_percent=\u00bb0&#8243; override_padding=\u00bbyes\u00bb h_padding=\u00bb2&#8243; top_padding=\u00bb0&#8243; bottom_padding=\u00bb0&#8243; overlay_alpha=\u00bb100&#8243; gutter_size=\u00bb3&#8243; column_width_percent=\u00bb100&#8243; shift_y=\u00bb0&#8243; z_index=\u00bb0&#8243; row_height_use_pixel=\u00bb\u00bb css=\u00bb.vc_custom_1511874355341{padding-top: 0px !important;padding-bottom: 0px !important;}\u00bb][vc_column column_width_use_pixel=\u00bbyes\u00bb overlay_alpha=\u00bb50&#8243; [&hellip;]<\/p>\n","protected":false},"author":7,"featured_media":73072,"comment_status":"closed","ping_status":"closed","sticky":false,"template":"","format":"standard","meta":{"rs_blank_template":"","rs_page_bg_color":"","slide_template_v7":"","_monsterinsights_skip_tracking":false,"footnotes":"","_links_to":"","_links_to_target":""},"categories":[72],"tags":[],"class_list":["post-73419","post","type-post","status-publish","format-standard","has-post-thumbnail","hentry","category-sin-categorizar"],"yoast_head":"<!-- This site is optimized with the Yoast SEO plugin v28.3 - https:\/\/yoast.com\/product\/yoast-seo-wordpress\/ -->\n<title>Textil Santanderina, Premio Nacional de la Moda - Santanderina Group<\/title>\n<meta name=\"robots\" content=\"index, follow, max-snippet:-1, max-image-preview:large, max-video-preview:-1\" \/>\n<link rel=\"canonical\" href=\"https:\/\/santanderinagroup.com\/textil-santanderina-premio-nacional-de-la-moda-2\/\" \/>\n<meta property=\"og:locale\" content=\"es_ES\" \/>\n<meta property=\"og:type\" content=\"article\" \/>\n<meta property=\"og:title\" content=\"Textil Santanderina, Premio Nacional de la Moda - Santanderina Group\" \/>\n<meta property=\"og:description\" content=\"[vc_row unlock_row=\u00bb\u00bb row_height_percent=\u00bb0&#8243; override_padding=\u00bbyes\u00bb h_padding=\u00bb2&#8243; top_padding=\u00bb0&#8243; bottom_padding=\u00bb0&#8243; overlay_alpha=\u00bb100&#8243; gutter_size=\u00bb3&#8243; column_width_percent=\u00bb100&#8243; shift_y=\u00bb0&#8243; z_index=\u00bb0&#8243; row_height_use_pixel=\u00bb\u00bb css=\u00bb.vc_custom_1511874355341{padding-top: 0px !important;padding-bottom: 0px !important;}\u00bb][vc_column column_width_use_pixel=\u00bbyes\u00bb overlay_alpha=\u00bb50&#8243; [&hellip;]\" \/>\n<meta property=\"og:url\" content=\"https:\/\/santanderinagroup.com\/textil-santanderina-premio-nacional-de-la-moda-2\/\" \/>\n<meta property=\"og:site_name\" content=\"Santanderina Group\" \/>\n<meta property=\"article:published_time\" content=\"2017-07-17T16:07:45+00:00\" \/>\n<meta property=\"article:modified_time\" content=\"2025-03-21T08:14:27+00:00\" \/>\n<meta property=\"og:image\" content=\"https:\/\/santanderinagroup.com\/wp-content\/uploads\/2016\/01\/TS-moda-premios-moda-1200x800px.jpg\" \/>\n\t<meta property=\"og:image:width\" content=\"1200\" \/>\n\t<meta property=\"og:image:height\" content=\"800\" \/>\n\t<meta property=\"og:image:type\" content=\"image\/jpeg\" \/>\n<meta name=\"author\" content=\"eurocastalia\" \/>\n<meta name=\"twitter:card\" content=\"summary_large_image\" \/>\n<meta name=\"twitter:label1\" content=\"Escrito por\" \/>\n\t<meta name=\"twitter:data1\" content=\"eurocastalia\" \/>\n\t<meta name=\"twitter:label2\" content=\"Tiempo de lectura\" \/>\n\t<meta name=\"twitter:data2\" content=\"4 minutos\" \/>\n<script type=\"application\/ld+json\" class=\"yoast-schema-graph\">{\"@context\":\"https:\\\/\\\/schema.org\",\"@graph\":[{\"@type\":\"Article\",\"@id\":\"https:\\\/\\\/santanderinagroup.com\\\/textil-santanderina-premio-nacional-de-la-moda-2\\\/#article\",\"isPartOf\":{\"@id\":\"https:\\\/\\\/santanderinagroup.com\\\/textil-santanderina-premio-nacional-de-la-moda-2\\\/\"},\"author\":{\"name\":\"eurocastalia\",\"@id\":\"https:\\\/\\\/santanderinagroup.com\\\/#\\\/schema\\\/person\\\/2b28c9d4ecbf46c0b229d510831cd552\"},\"headline\":\"Textil Santanderina, Premio Nacional de la Moda\",\"datePublished\":\"2017-07-17T16:07:45+00:00\",\"dateModified\":\"2025-03-21T08:14:27+00:00\",\"mainEntityOfPage\":{\"@id\":\"https:\\\/\\\/santanderinagroup.com\\\/textil-santanderina-premio-nacional-de-la-moda-2\\\/\"},\"wordCount\":715,\"image\":{\"@id\":\"https:\\\/\\\/santanderinagroup.com\\\/textil-santanderina-premio-nacional-de-la-moda-2\\\/#primaryimage\"},\"thumbnailUrl\":\"https:\\\/\\\/santanderinagroup.com\\\/wp-content\\\/uploads\\\/2016\\\/01\\\/TS-moda-premios-moda-1200x800px.jpg\",\"articleSection\":[\"Sin categorizar\"],\"inLanguage\":\"es\"},{\"@type\":\"WebPage\",\"@id\":\"https:\\\/\\\/santanderinagroup.com\\\/textil-santanderina-premio-nacional-de-la-moda-2\\\/\",\"url\":\"https:\\\/\\\/santanderinagroup.com\\\/textil-santanderina-premio-nacional-de-la-moda-2\\\/\",\"name\":\"Textil Santanderina, Premio Nacional de la Moda - Santanderina Group\",\"isPartOf\":{\"@id\":\"https:\\\/\\\/santanderinagroup.com\\\/#website\"},\"primaryImageOfPage\":{\"@id\":\"https:\\\/\\\/santanderinagroup.com\\\/textil-santanderina-premio-nacional-de-la-moda-2\\\/#primaryimage\"},\"image\":{\"@id\":\"https:\\\/\\\/santanderinagroup.com\\\/textil-santanderina-premio-nacional-de-la-moda-2\\\/#primaryimage\"},\"thumbnailUrl\":\"https:\\\/\\\/santanderinagroup.com\\\/wp-content\\\/uploads\\\/2016\\\/01\\\/TS-moda-premios-moda-1200x800px.jpg\",\"datePublished\":\"2017-07-17T16:07:45+00:00\",\"dateModified\":\"2025-03-21T08:14:27+00:00\",\"author\":{\"@id\":\"https:\\\/\\\/santanderinagroup.com\\\/#\\\/schema\\\/person\\\/2b28c9d4ecbf46c0b229d510831cd552\"},\"breadcrumb\":{\"@id\":\"https:\\\/\\\/santanderinagroup.com\\\/textil-santanderina-premio-nacional-de-la-moda-2\\\/#breadcrumb\"},\"inLanguage\":\"es\",\"potentialAction\":[{\"@type\":\"ReadAction\",\"target\":[\"https:\\\/\\\/santanderinagroup.com\\\/textil-santanderina-premio-nacional-de-la-moda-2\\\/\"]}]},{\"@type\":\"ImageObject\",\"inLanguage\":\"es\",\"@id\":\"https:\\\/\\\/santanderinagroup.com\\\/textil-santanderina-premio-nacional-de-la-moda-2\\\/#primaryimage\",\"url\":\"https:\\\/\\\/santanderinagroup.com\\\/wp-content\\\/uploads\\\/2016\\\/01\\\/TS-moda-premios-moda-1200x800px.jpg\",\"contentUrl\":\"https:\\\/\\\/santanderinagroup.com\\\/wp-content\\\/uploads\\\/2016\\\/01\\\/TS-moda-premios-moda-1200x800px.jpg\",\"width\":1200,\"height\":800},{\"@type\":\"BreadcrumbList\",\"@id\":\"https:\\\/\\\/santanderinagroup.com\\\/textil-santanderina-premio-nacional-de-la-moda-2\\\/#breadcrumb\",\"itemListElement\":[{\"@type\":\"ListItem\",\"position\":1,\"name\":\"Home\",\"item\":\"https:\\\/\\\/santanderinagroup.com\\\/es\\\/\"},{\"@type\":\"ListItem\",\"position\":2,\"name\":\"Textil Santanderina, Premio Nacional de la Moda\"}]},{\"@type\":\"WebSite\",\"@id\":\"https:\\\/\\\/santanderinagroup.com\\\/#website\",\"url\":\"https:\\\/\\\/santanderinagroup.com\\\/\",\"name\":\"Santanderina Group\",\"description\":\"\",\"potentialAction\":[{\"@type\":\"SearchAction\",\"target\":{\"@type\":\"EntryPoint\",\"urlTemplate\":\"https:\\\/\\\/santanderinagroup.com\\\/?s={search_term_string}\"},\"query-input\":{\"@type\":\"PropertyValueSpecification\",\"valueRequired\":true,\"valueName\":\"search_term_string\"}}],\"inLanguage\":\"es\"},{\"@type\":\"Person\",\"@id\":\"https:\\\/\\\/santanderinagroup.com\\\/#\\\/schema\\\/person\\\/2b28c9d4ecbf46c0b229d510831cd552\",\"name\":\"eurocastalia\",\"image\":{\"@type\":\"ImageObject\",\"inLanguage\":\"es\",\"@id\":\"https:\\\/\\\/secure.gravatar.com\\\/avatar\\\/0ec9c164e3d4968e91210fd7e8e25c2da6c7620ee728fffae47d7c9206e9af4d?s=96&d=mm&r=g\",\"url\":\"https:\\\/\\\/secure.gravatar.com\\\/avatar\\\/0ec9c164e3d4968e91210fd7e8e25c2da6c7620ee728fffae47d7c9206e9af4d?s=96&d=mm&r=g\",\"contentUrl\":\"https:\\\/\\\/secure.gravatar.com\\\/avatar\\\/0ec9c164e3d4968e91210fd7e8e25c2da6c7620ee728fffae47d7c9206e9af4d?s=96&d=mm&r=g\",\"caption\":\"eurocastalia\"}}]}<\/script>\n<!-- \/ Yoast SEO plugin. -->","yoast_head_json":{"title":"Textil Santanderina, Premio Nacional de la Moda - Santanderina Group","robots":{"index":"index","follow":"follow","max-snippet":"max-snippet:-1","max-image-preview":"max-image-preview:large","max-video-preview":"max-video-preview:-1"},"canonical":"https:\/\/santanderinagroup.com\/textil-santanderina-premio-nacional-de-la-moda-2\/","og_locale":"es_ES","og_type":"article","og_title":"Textil Santanderina, Premio Nacional de la Moda - Santanderina Group","og_description":"[vc_row unlock_row=\u00bb\u00bb row_height_percent=\u00bb0&#8243; override_padding=\u00bbyes\u00bb h_padding=\u00bb2&#8243; top_padding=\u00bb0&#8243; bottom_padding=\u00bb0&#8243; overlay_alpha=\u00bb100&#8243; gutter_size=\u00bb3&#8243; column_width_percent=\u00bb100&#8243; shift_y=\u00bb0&#8243; z_index=\u00bb0&#8243; row_height_use_pixel=\u00bb\u00bb css=\u00bb.vc_custom_1511874355341{padding-top: 0px !important;padding-bottom: 0px !important;}\u00bb][vc_column column_width_use_pixel=\u00bbyes\u00bb overlay_alpha=\u00bb50&#8243; [&hellip;]","og_url":"https:\/\/santanderinagroup.com\/textil-santanderina-premio-nacional-de-la-moda-2\/","og_site_name":"Santanderina Group","article_published_time":"2017-07-17T16:07:45+00:00","article_modified_time":"2025-03-21T08:14:27+00:00","og_image":[{"width":1200,"height":800,"url":"https:\/\/santanderinagroup.com\/wp-content\/uploads\/2016\/01\/TS-moda-premios-moda-1200x800px.jpg","type":"image\/jpeg"}],"author":"eurocastalia","twitter_card":"summary_large_image","twitter_misc":{"Escrito por":"eurocastalia","Tiempo de lectura":"4 minutos"},"schema":{"@context":"https:\/\/schema.org","@graph":[{"@type":"Article","@id":"https:\/\/santanderinagroup.com\/textil-santanderina-premio-nacional-de-la-moda-2\/#article","isPartOf":{"@id":"https:\/\/santanderinagroup.com\/textil-santanderina-premio-nacional-de-la-moda-2\/"},"author":{"name":"eurocastalia","@id":"https:\/\/santanderinagroup.com\/#\/schema\/person\/2b28c9d4ecbf46c0b229d510831cd552"},"headline":"Textil Santanderina, Premio Nacional de la Moda","datePublished":"2017-07-17T16:07:45+00:00","dateModified":"2025-03-21T08:14:27+00:00","mainEntityOfPage":{"@id":"https:\/\/santanderinagroup.com\/textil-santanderina-premio-nacional-de-la-moda-2\/"},"wordCount":715,"image":{"@id":"https:\/\/santanderinagroup.com\/textil-santanderina-premio-nacional-de-la-moda-2\/#primaryimage"},"thumbnailUrl":"https:\/\/santanderinagroup.com\/wp-content\/uploads\/2016\/01\/TS-moda-premios-moda-1200x800px.jpg","articleSection":["Sin categorizar"],"inLanguage":"es"},{"@type":"WebPage","@id":"https:\/\/santanderinagroup.com\/textil-santanderina-premio-nacional-de-la-moda-2\/","url":"https:\/\/santanderinagroup.com\/textil-santanderina-premio-nacional-de-la-moda-2\/","name":"Textil Santanderina, Premio Nacional de la Moda - Santanderina Group","isPartOf":{"@id":"https:\/\/santanderinagroup.com\/#website"},"primaryImageOfPage":{"@id":"https:\/\/santanderinagroup.com\/textil-santanderina-premio-nacional-de-la-moda-2\/#primaryimage"},"image":{"@id":"https:\/\/santanderinagroup.com\/textil-santanderina-premio-nacional-de-la-moda-2\/#primaryimage"},"thumbnailUrl":"https:\/\/santanderinagroup.com\/wp-content\/uploads\/2016\/01\/TS-moda-premios-moda-1200x800px.jpg","datePublished":"2017-07-17T16:07:45+00:00","dateModified":"2025-03-21T08:14:27+00:00","author":{"@id":"https:\/\/santanderinagroup.com\/#\/schema\/person\/2b28c9d4ecbf46c0b229d510831cd552"},"breadcrumb":{"@id":"https:\/\/santanderinagroup.com\/textil-santanderina-premio-nacional-de-la-moda-2\/#breadcrumb"},"inLanguage":"es","potentialAction":[{"@type":"ReadAction","target":["https:\/\/santanderinagroup.com\/textil-santanderina-premio-nacional-de-la-moda-2\/"]}]},{"@type":"ImageObject","inLanguage":"es","@id":"https:\/\/santanderinagroup.com\/textil-santanderina-premio-nacional-de-la-moda-2\/#primaryimage","url":"https:\/\/santanderinagroup.com\/wp-content\/uploads\/2016\/01\/TS-moda-premios-moda-1200x800px.jpg","contentUrl":"https:\/\/santanderinagroup.com\/wp-content\/uploads\/2016\/01\/TS-moda-premios-moda-1200x800px.jpg","width":1200,"height":800},{"@type":"BreadcrumbList","@id":"https:\/\/santanderinagroup.com\/textil-santanderina-premio-nacional-de-la-moda-2\/#breadcrumb","itemListElement":[{"@type":"ListItem","position":1,"name":"Home","item":"https:\/\/santanderinagroup.com\/es\/"},{"@type":"ListItem","position":2,"name":"Textil Santanderina, Premio Nacional de la Moda"}]},{"@type":"WebSite","@id":"https:\/\/santanderinagroup.com\/#website","url":"https:\/\/santanderinagroup.com\/","name":"Santanderina Group","description":"","potentialAction":[{"@type":"SearchAction","target":{"@type":"EntryPoint","urlTemplate":"https:\/\/santanderinagroup.com\/?s={search_term_string}"},"query-input":{"@type":"PropertyValueSpecification","valueRequired":true,"valueName":"search_term_string"}}],"inLanguage":"es"},{"@type":"Person","@id":"https:\/\/santanderinagroup.com\/#\/schema\/person\/2b28c9d4ecbf46c0b229d510831cd552","name":"eurocastalia","image":{"@type":"ImageObject","inLanguage":"es","@id":"https:\/\/secure.gravatar.com\/avatar\/0ec9c164e3d4968e91210fd7e8e25c2da6c7620ee728fffae47d7c9206e9af4d?s=96&d=mm&r=g","url":"https:\/\/secure.gravatar.com\/avatar\/0ec9c164e3d4968e91210fd7e8e25c2da6c7620ee728fffae47d7c9206e9af4d?s=96&d=mm&r=g","contentUrl":"https:\/\/secure.gravatar.com\/avatar\/0ec9c164e3d4968e91210fd7e8e25c2da6c7620ee728fffae47d7c9206e9af4d?s=96&d=mm&r=g","caption":"eurocastalia"}}]}},"_links":{"self":[{"href":"https:\/\/santanderinagroup.com\/es\/wp-json\/wp\/v2\/posts\/73419","targetHints":{"allow":["GET"]}}],"collection":[{"href":"https:\/\/santanderinagroup.com\/es\/wp-json\/wp\/v2\/posts"}],"about":[{"href":"https:\/\/santanderinagroup.com\/es\/wp-json\/wp\/v2\/types\/post"}],"author":[{"embeddable":true,"href":"https:\/\/santanderinagroup.com\/es\/wp-json\/wp\/v2\/users\/7"}],"replies":[{"embeddable":true,"href":"https:\/\/santanderinagroup.com\/es\/wp-json\/wp\/v2\/comments?post=73419"}],"version-history":[{"count":1,"href":"https:\/\/santanderinagroup.com\/es\/wp-json\/wp\/v2\/posts\/73419\/revisions"}],"predecessor-version":[{"id":74975,"href":"https:\/\/santanderinagroup.com\/es\/wp-json\/wp\/v2\/posts\/73419\/revisions\/74975"}],"wp:featuredmedia":[{"embeddable":true,"href":"https:\/\/santanderinagroup.com\/es\/wp-json\/wp\/v2\/media\/73072"}],"wp:attachment":[{"href":"https:\/\/santanderinagroup.com\/es\/wp-json\/wp\/v2\/media?parent=73419"}],"wp:term":[{"taxonomy":"category","embeddable":true,"href":"https:\/\/santanderinagroup.com\/es\/wp-json\/wp\/v2\/categories?post=73419"},{"taxonomy":"post_tag","embeddable":true,"href":"https:\/\/santanderinagroup.com\/es\/wp-json\/wp\/v2\/tags?post=73419"}],"curies":[{"name":"wp","href":"https:\/\/api.w.org\/{rel}","templated":true}]}}