{"id":73745,"date":"2018-11-10T10:53:51","date_gmt":"2018-11-10T10:53:51","guid":{"rendered":"http:\/\/santanderinagroup.com\/?p=73745"},"modified":"2025-06-02T15:44:54","modified_gmt":"2025-06-02T15:44:54","slug":"investigacion-e-innovacion-textil-textil-santanderina-en-la-fabrica-de-ideas-de-tve","status":"publish","type":"post","link":"https:\/\/santanderinagroup.com\/es\/investigacion-e-innovacion-textil-textil-santanderina-en-la-fabrica-de-ideas-de-tve\/","title":{"rendered":"Investigaci\u00f3n e innovaci\u00f3n textil. Textil Santanderina en la F\u00e1brica de ideas de TVE"},"content":{"rendered":"<div class=\"wpb-content-wrapper\"><p>[vc_row unlock_row=\u00bb\u00bb row_height_percent=\u00bb0&#8243; override_padding=\u00bbyes\u00bb h_padding=\u00bb2&#8243; top_padding=\u00bb0&#8243; bottom_padding=\u00bb0&#8243; overlay_alpha=\u00bb100&#8243; gutter_size=\u00bb3&#8243; column_width_percent=\u00bb100&#8243; shift_y=\u00bb0&#8243; z_index=\u00bb0&#8243; row_height_use_pixel=\u00bb\u00bb css=\u00bb.vc_custom_1511874355341{padding-top: 0px !important;padding-bottom: 0px !important;}\u00bb][vc_column column_width_use_pixel=\u00bbyes\u00bb overlay_alpha=\u00bb50&#8243; gutter_size=\u00bb3&#8243; medium_width=\u00bb0&#8243; shift_x=\u00bb0&#8243; shift_y=\u00bb0&#8243; zoom_width=\u00bb0&#8243; zoom_height=\u00bb0&#8243; column_width_pixel=\u00bb800&#8243; width=\u00bb2\/12&#8243;][\/vc_column][vc_column width=\u00bb8\/12&#8243;][vc_column_text]<\/p>\n<h1 style=\"text-align: center;\">Investigaci\u00f3n e innovaci\u00f3n textil en la F\u00e1brica de Ideas<\/h1>\n<p>[\/vc_column_text][\/vc_column][vc_column width=\u00bb2\/12&#8243;][\/vc_column][\/vc_row][vc_row unlock_row=\u00bb\u00bb row_height_percent=\u00bb0&#8243; override_padding=\u00bbyes\u00bb h_padding=\u00bb2&#8243; top_padding=\u00bb2&#8243; bottom_padding=\u00bb0&#8243; overlay_alpha=\u00bb100&#8243; gutter_size=\u00bb3&#8243; column_width_percent=\u00bb100&#8243; shift_y=\u00bb0&#8243; z_index=\u00bb0&#8243; row_height_use_pixel=\u00bb\u00bb css=\u00bb.vc_custom_1511874253033{padding-top: 0px !important;padding-bottom: 0px !important;}\u00bb][vc_column column_width_use_pixel=\u00bbyes\u00bb overlay_alpha=\u00bb50&#8243; gutter_size=\u00bb3&#8243; medium_width=\u00bb0&#8243; shift_x=\u00bb0&#8243; shift_y=\u00bb0&#8243; zoom_width=\u00bb0&#8243; zoom_height=\u00bb0&#8243; column_width_pixel=\u00bb800&#8243; width=\u00bb1\/12&#8243;][\/vc_column][vc_column column_width_percent=\u00bb100&#8243; override_padding=\u00bbyes\u00bb column_padding=\u00bb0&#8243; overlay_alpha=\u00bb50&#8243; gutter_size=\u00bb3&#8243; medium_width=\u00bb0&#8243; mobile_width=\u00bb0&#8243; shift_x=\u00bb0&#8243; shift_y=\u00bb0&#8243; shift_y_down=\u00bb0&#8243; z_index=\u00bb0&#8243; width=\u00bb10\/12&#8243; css=\u00bb.vc_custom_1511872399723{padding-top: 0px !important;padding-bottom: 0px !important;}\u00bb][vc_column_text css=\u00bb.vc_custom_1542624968003{padding-top: 0px !important;padding-bottom: 0px !important;}\u00bb]<\/p>\n<h4 style=\"text-align: center;\"><em>RTVE &#8211; La 2<\/em><br \/>\n10.11.2018<\/h4>\n<p>[\/vc_column_text][\/vc_column][vc_column width=\u00bb1\/12&#8243;][\/vc_column][\/vc_row][vc_row unlock_row=\u00bb\u00bb row_height_percent=\u00bb0&#8243; override_padding=\u00bbyes\u00bb h_padding=\u00bb2&#8243; top_padding=\u00bb2&#8243; bottom_padding=\u00bb0&#8243; overlay_alpha=\u00bb100&#8243; gutter_size=\u00bb3&#8243; column_width_percent=\u00bb100&#8243; shift_y=\u00bb0&#8243; z_index=\u00bb0&#8243; row_height_use_pixel=\u00bb\u00bb css=\u00bb.vc_custom_1511874265481{padding-top: 0px !important;padding-bottom: 0px !important;}\u00bb][vc_column column_width_use_pixel=\u00bbyes\u00bb overlay_alpha=\u00bb50&#8243; gutter_size=\u00bb3&#8243; medium_width=\u00bb0&#8243; shift_x=\u00bb0&#8243; shift_y=\u00bb0&#8243; zoom_width=\u00bb0&#8243; zoom_height=\u00bb0&#8243; column_width_pixel=\u00bb800&#8243; width=\u00bb2\/12&#8243;][\/vc_column][vc_column width=\u00bb8\/12&#8243;][vc_column_text]<\/p>\n<p style=\"text-align: center;\"><em>\u00abLa moda es un estado de \u00e1nimo. Para una compa\u00f1\u00eda es fundamental tener un motor de ilusi\u00f3n.\u00bb<\/em><br \/>\nJuan Par\u00e9s, Presidente de Textil Santanderina<\/p>\n<p>[\/vc_column_text][\/vc_column][vc_column width=\u00bb2\/12&#8243;][\/vc_column][\/vc_row][vc_row unlock_row=\u00bb\u00bb row_height_percent=\u00bb0&#8243; override_padding=\u00bbyes\u00bb h_padding=\u00bb2&#8243; top_padding=\u00bb2&#8243; bottom_padding=\u00bb0&#8243; overlay_alpha=\u00bb100&#8243; gutter_size=\u00bb3&#8243; column_width_percent=\u00bb100&#8243; shift_y=\u00bb0&#8243; z_index=\u00bb0&#8243; row_height_use_pixel=\u00bb\u00bb css=\u00bb.vc_custom_1542273880599{padding-top: 0px !important;padding-bottom: 0px !important;}\u00bb][vc_column column_width_percent=\u00bb100&#8243; overlay_alpha=\u00bb50&#8243; gutter_size=\u00bb3&#8243; medium_width=\u00bb0&#8243; mobile_width=\u00bb0&#8243; shift_x=\u00bb0&#8243; shift_y=\u00bb0&#8243; shift_y_down=\u00bb0&#8243; z_index=\u00bb0&#8243; zoom_width=\u00bb0&#8243; zoom_height=\u00bb0&#8243; width=\u00bb2\/12&#8243;][\/vc_column][vc_column width=\u00bb8\/12&#8243;][vc_single_image media=\u00bb73749&#8243; media_width_percent=\u00bb100&#8243; media_link=\u00bburl:http%3A%2F%2Fwww.rtve.es%2Falacarta%2Fvideos%2Ffabrica-de-ideas%2Ffdi_10-6_imita%2F4835922%2F%3Fpais%3DES||target:%20_blank|\u00bb][\/vc_column][vc_column width=\u00bb2\/12&#8243;][\/vc_column][\/vc_row][vc_row][vc_column width=\u00bb1\/1&#8243;][uncode_block id=\u00bb57860&#8243;][\/vc_column][\/vc_row]<\/p>\n<\/div>","protected":false},"excerpt":{"rendered":"<p>[vc_row unlock_row=\u00bb\u00bb row_height_percent=\u00bb0&#8243; override_padding=\u00bbyes\u00bb h_padding=\u00bb2&#8243; top_padding=\u00bb0&#8243; bottom_padding=\u00bb0&#8243; overlay_alpha=\u00bb100&#8243; gutter_size=\u00bb3&#8243; column_width_percent=\u00bb100&#8243; shift_y=\u00bb0&#8243; z_index=\u00bb0&#8243; row_height_use_pixel=\u00bb\u00bb css=\u00bb.vc_custom_1511874355341{padding-top: 0px !important;padding-bottom: 0px !important;}\u00bb][vc_column column_width_use_pixel=\u00bbyes\u00bb overlay_alpha=\u00bb50&#8243; [&hellip;]<\/p>\n","protected":false},"author":7,"featured_media":73749,"comment_status":"closed","ping_status":"closed","sticky":false,"template":"","format":"standard","meta":{"rs_blank_template":"","rs_page_bg_color":"","slide_template_v7":"","_monsterinsights_skip_tracking":false,"footnotes":"","_links_to":"","_links_to_target":""},"categories":[72,107],"tags":[],"class_list":["post-73745","post","type-post","status-publish","format-standard","has-post-thumbnail","hentry","category-sin-categorizar","category-uncategorized-es"],"yoast_head":"<!-- This site is optimized with the Yoast SEO plugin v28.3 - https:\/\/yoast.com\/product\/yoast-seo-wordpress\/ -->\n<title>Investigaci\u00f3n e innovaci\u00f3n textil. Textil Santanderina en la F\u00e1brica de ideas de TVE - Santanderina Group<\/title>\n<meta name=\"robots\" content=\"index, follow, max-snippet:-1, max-image-preview:large, max-video-preview:-1\" \/>\n<link rel=\"canonical\" href=\"https:\/\/santanderinagroup.com\/textile-research-and-innovation-in-the-ideas-factory\/\" \/>\n<meta property=\"og:locale\" content=\"es_ES\" \/>\n<meta property=\"og:type\" content=\"article\" \/>\n<meta property=\"og:title\" content=\"Investigaci\u00f3n e innovaci\u00f3n textil. Textil Santanderina en la F\u00e1brica de ideas de TVE - Santanderina Group\" \/>\n<meta property=\"og:description\" content=\"[vc_row unlock_row=\u00bb\u00bb row_height_percent=\u00bb0&#8243; override_padding=\u00bbyes\u00bb h_padding=\u00bb2&#8243; top_padding=\u00bb0&#8243; bottom_padding=\u00bb0&#8243; overlay_alpha=\u00bb100&#8243; gutter_size=\u00bb3&#8243; column_width_percent=\u00bb100&#8243; shift_y=\u00bb0&#8243; z_index=\u00bb0&#8243; row_height_use_pixel=\u00bb\u00bb css=\u00bb.vc_custom_1511874355341{padding-top: 0px !important;padding-bottom: 0px !important;}\u00bb][vc_column column_width_use_pixel=\u00bbyes\u00bb overlay_alpha=\u00bb50&#8243; [&hellip;]\" \/>\n<meta property=\"og:url\" content=\"https:\/\/santanderinagroup.com\/textile-research-and-innovation-in-the-ideas-factory\/\" \/>\n<meta property=\"og:site_name\" content=\"Santanderina Group\" \/>\n<meta property=\"article:published_time\" content=\"2018-11-10T10:53:51+00:00\" \/>\n<meta property=\"article:modified_time\" content=\"2025-06-02T15:44:54+00:00\" \/>\n<meta property=\"og:image\" content=\"https:\/\/santanderinagroup.com\/wp-content\/uploads\/2018\/11\/fabrica-ideas-1200x800px.jpg\" \/>\n\t<meta property=\"og:image:width\" content=\"1200\" \/>\n\t<meta property=\"og:image:height\" content=\"800\" \/>\n\t<meta property=\"og:image:type\" content=\"image\/jpeg\" \/>\n<meta name=\"author\" content=\"eurocastalia\" \/>\n<meta name=\"twitter:card\" content=\"summary_large_image\" \/>\n<meta name=\"twitter:label1\" content=\"Escrito por\" \/>\n\t<meta name=\"twitter:data1\" content=\"eurocastalia\" \/>\n\t<meta name=\"twitter:label2\" content=\"Tiempo de lectura\" \/>\n\t<meta name=\"twitter:data2\" content=\"2 minutos\" \/>\n<script type=\"application\/ld+json\" class=\"yoast-schema-graph\">{\"@context\":\"https:\\\/\\\/schema.org\",\"@graph\":[{\"@type\":\"Article\",\"@id\":\"https:\\\/\\\/santanderinagroup.com\\\/textile-research-and-innovation-in-the-ideas-factory\\\/#article\",\"isPartOf\":{\"@id\":\"https:\\\/\\\/santanderinagroup.com\\\/textile-research-and-innovation-in-the-ideas-factory\\\/\"},\"author\":{\"name\":\"eurocastalia\",\"@id\":\"https:\\\/\\\/santanderinagroup.com\\\/#\\\/schema\\\/person\\\/2b28c9d4ecbf46c0b229d510831cd552\"},\"headline\":\"Investigaci\u00f3n e innovaci\u00f3n textil. Textil Santanderina en la F\u00e1brica de ideas de TVE\",\"datePublished\":\"2018-11-10T10:53:51+00:00\",\"dateModified\":\"2025-06-02T15:44:54+00:00\",\"mainEntityOfPage\":{\"@id\":\"https:\\\/\\\/santanderinagroup.com\\\/textile-research-and-innovation-in-the-ideas-factory\\\/\"},\"wordCount\":476,\"image\":{\"@id\":\"https:\\\/\\\/santanderinagroup.com\\\/textile-research-and-innovation-in-the-ideas-factory\\\/#primaryimage\"},\"thumbnailUrl\":\"https:\\\/\\\/santanderinagroup.com\\\/wp-content\\\/uploads\\\/2018\\\/11\\\/fabrica-ideas-1200x800px.jpg\",\"articleSection\":[\"Sin categorizar\",\"Uncategorized\"],\"inLanguage\":\"es\"},{\"@type\":\"WebPage\",\"@id\":\"https:\\\/\\\/santanderinagroup.com\\\/textile-research-and-innovation-in-the-ideas-factory\\\/\",\"url\":\"https:\\\/\\\/santanderinagroup.com\\\/textile-research-and-innovation-in-the-ideas-factory\\\/\",\"name\":\"Investigaci\u00f3n e innovaci\u00f3n textil. Textil Santanderina en la F\u00e1brica de ideas de TVE - Santanderina Group\",\"isPartOf\":{\"@id\":\"https:\\\/\\\/santanderinagroup.com\\\/#website\"},\"primaryImageOfPage\":{\"@id\":\"https:\\\/\\\/santanderinagroup.com\\\/textile-research-and-innovation-in-the-ideas-factory\\\/#primaryimage\"},\"image\":{\"@id\":\"https:\\\/\\\/santanderinagroup.com\\\/textile-research-and-innovation-in-the-ideas-factory\\\/#primaryimage\"},\"thumbnailUrl\":\"https:\\\/\\\/santanderinagroup.com\\\/wp-content\\\/uploads\\\/2018\\\/11\\\/fabrica-ideas-1200x800px.jpg\",\"datePublished\":\"2018-11-10T10:53:51+00:00\",\"dateModified\":\"2025-06-02T15:44:54+00:00\",\"author\":{\"@id\":\"https:\\\/\\\/santanderinagroup.com\\\/#\\\/schema\\\/person\\\/2b28c9d4ecbf46c0b229d510831cd552\"},\"breadcrumb\":{\"@id\":\"https:\\\/\\\/santanderinagroup.com\\\/textile-research-and-innovation-in-the-ideas-factory\\\/#breadcrumb\"},\"inLanguage\":\"es\",\"potentialAction\":[{\"@type\":\"ReadAction\",\"target\":[\"https:\\\/\\\/santanderinagroup.com\\\/textile-research-and-innovation-in-the-ideas-factory\\\/\"]}]},{\"@type\":\"ImageObject\",\"inLanguage\":\"es\",\"@id\":\"https:\\\/\\\/santanderinagroup.com\\\/textile-research-and-innovation-in-the-ideas-factory\\\/#primaryimage\",\"url\":\"https:\\\/\\\/santanderinagroup.com\\\/wp-content\\\/uploads\\\/2018\\\/11\\\/fabrica-ideas-1200x800px.jpg\",\"contentUrl\":\"https:\\\/\\\/santanderinagroup.com\\\/wp-content\\\/uploads\\\/2018\\\/11\\\/fabrica-ideas-1200x800px.jpg\",\"width\":1200,\"height\":800},{\"@type\":\"BreadcrumbList\",\"@id\":\"https:\\\/\\\/santanderinagroup.com\\\/textile-research-and-innovation-in-the-ideas-factory\\\/#breadcrumb\",\"itemListElement\":[{\"@type\":\"ListItem\",\"position\":1,\"name\":\"Home\",\"item\":\"https:\\\/\\\/santanderinagroup.com\\\/es\\\/\"},{\"@type\":\"ListItem\",\"position\":2,\"name\":\"Investigaci\u00f3n e innovaci\u00f3n textil. Textil Santanderina en la F\u00e1brica de ideas de TVE\"}]},{\"@type\":\"WebSite\",\"@id\":\"https:\\\/\\\/santanderinagroup.com\\\/#website\",\"url\":\"https:\\\/\\\/santanderinagroup.com\\\/\",\"name\":\"Santanderina Group\",\"description\":\"\",\"potentialAction\":[{\"@type\":\"SearchAction\",\"target\":{\"@type\":\"EntryPoint\",\"urlTemplate\":\"https:\\\/\\\/santanderinagroup.com\\\/?s={search_term_string}\"},\"query-input\":{\"@type\":\"PropertyValueSpecification\",\"valueRequired\":true,\"valueName\":\"search_term_string\"}}],\"inLanguage\":\"es\"},{\"@type\":\"Person\",\"@id\":\"https:\\\/\\\/santanderinagroup.com\\\/#\\\/schema\\\/person\\\/2b28c9d4ecbf46c0b229d510831cd552\",\"name\":\"eurocastalia\",\"image\":{\"@type\":\"ImageObject\",\"inLanguage\":\"es\",\"@id\":\"https:\\\/\\\/secure.gravatar.com\\\/avatar\\\/0ec9c164e3d4968e91210fd7e8e25c2da6c7620ee728fffae47d7c9206e9af4d?s=96&d=mm&r=g\",\"url\":\"https:\\\/\\\/secure.gravatar.com\\\/avatar\\\/0ec9c164e3d4968e91210fd7e8e25c2da6c7620ee728fffae47d7c9206e9af4d?s=96&d=mm&r=g\",\"contentUrl\":\"https:\\\/\\\/secure.gravatar.com\\\/avatar\\\/0ec9c164e3d4968e91210fd7e8e25c2da6c7620ee728fffae47d7c9206e9af4d?s=96&d=mm&r=g\",\"caption\":\"eurocastalia\"}}]}<\/script>\n<!-- \/ Yoast SEO plugin. -->","yoast_head_json":{"title":"Investigaci\u00f3n e innovaci\u00f3n textil. Textil Santanderina en la F\u00e1brica de ideas de TVE - Santanderina Group","robots":{"index":"index","follow":"follow","max-snippet":"max-snippet:-1","max-image-preview":"max-image-preview:large","max-video-preview":"max-video-preview:-1"},"canonical":"https:\/\/santanderinagroup.com\/textile-research-and-innovation-in-the-ideas-factory\/","og_locale":"es_ES","og_type":"article","og_title":"Investigaci\u00f3n e innovaci\u00f3n textil. Textil Santanderina en la F\u00e1brica de ideas de TVE - Santanderina Group","og_description":"[vc_row unlock_row=\u00bb\u00bb row_height_percent=\u00bb0&#8243; override_padding=\u00bbyes\u00bb h_padding=\u00bb2&#8243; top_padding=\u00bb0&#8243; bottom_padding=\u00bb0&#8243; overlay_alpha=\u00bb100&#8243; gutter_size=\u00bb3&#8243; column_width_percent=\u00bb100&#8243; shift_y=\u00bb0&#8243; z_index=\u00bb0&#8243; row_height_use_pixel=\u00bb\u00bb css=\u00bb.vc_custom_1511874355341{padding-top: 0px !important;padding-bottom: 0px !important;}\u00bb][vc_column column_width_use_pixel=\u00bbyes\u00bb overlay_alpha=\u00bb50&#8243; [&hellip;]","og_url":"https:\/\/santanderinagroup.com\/textile-research-and-innovation-in-the-ideas-factory\/","og_site_name":"Santanderina Group","article_published_time":"2018-11-10T10:53:51+00:00","article_modified_time":"2025-06-02T15:44:54+00:00","og_image":[{"width":1200,"height":800,"url":"https:\/\/santanderinagroup.com\/wp-content\/uploads\/2018\/11\/fabrica-ideas-1200x800px.jpg","type":"image\/jpeg"}],"author":"eurocastalia","twitter_card":"summary_large_image","twitter_misc":{"Escrito por":"eurocastalia","Tiempo de lectura":"2 minutos"},"schema":{"@context":"https:\/\/schema.org","@graph":[{"@type":"Article","@id":"https:\/\/santanderinagroup.com\/textile-research-and-innovation-in-the-ideas-factory\/#article","isPartOf":{"@id":"https:\/\/santanderinagroup.com\/textile-research-and-innovation-in-the-ideas-factory\/"},"author":{"name":"eurocastalia","@id":"https:\/\/santanderinagroup.com\/#\/schema\/person\/2b28c9d4ecbf46c0b229d510831cd552"},"headline":"Investigaci\u00f3n e innovaci\u00f3n textil. Textil Santanderina en la F\u00e1brica de ideas de TVE","datePublished":"2018-11-10T10:53:51+00:00","dateModified":"2025-06-02T15:44:54+00:00","mainEntityOfPage":{"@id":"https:\/\/santanderinagroup.com\/textile-research-and-innovation-in-the-ideas-factory\/"},"wordCount":476,"image":{"@id":"https:\/\/santanderinagroup.com\/textile-research-and-innovation-in-the-ideas-factory\/#primaryimage"},"thumbnailUrl":"https:\/\/santanderinagroup.com\/wp-content\/uploads\/2018\/11\/fabrica-ideas-1200x800px.jpg","articleSection":["Sin categorizar","Uncategorized"],"inLanguage":"es"},{"@type":"WebPage","@id":"https:\/\/santanderinagroup.com\/textile-research-and-innovation-in-the-ideas-factory\/","url":"https:\/\/santanderinagroup.com\/textile-research-and-innovation-in-the-ideas-factory\/","name":"Investigaci\u00f3n e innovaci\u00f3n textil. Textil Santanderina en la F\u00e1brica de ideas de TVE - Santanderina Group","isPartOf":{"@id":"https:\/\/santanderinagroup.com\/#website"},"primaryImageOfPage":{"@id":"https:\/\/santanderinagroup.com\/textile-research-and-innovation-in-the-ideas-factory\/#primaryimage"},"image":{"@id":"https:\/\/santanderinagroup.com\/textile-research-and-innovation-in-the-ideas-factory\/#primaryimage"},"thumbnailUrl":"https:\/\/santanderinagroup.com\/wp-content\/uploads\/2018\/11\/fabrica-ideas-1200x800px.jpg","datePublished":"2018-11-10T10:53:51+00:00","dateModified":"2025-06-02T15:44:54+00:00","author":{"@id":"https:\/\/santanderinagroup.com\/#\/schema\/person\/2b28c9d4ecbf46c0b229d510831cd552"},"breadcrumb":{"@id":"https:\/\/santanderinagroup.com\/textile-research-and-innovation-in-the-ideas-factory\/#breadcrumb"},"inLanguage":"es","potentialAction":[{"@type":"ReadAction","target":["https:\/\/santanderinagroup.com\/textile-research-and-innovation-in-the-ideas-factory\/"]}]},{"@type":"ImageObject","inLanguage":"es","@id":"https:\/\/santanderinagroup.com\/textile-research-and-innovation-in-the-ideas-factory\/#primaryimage","url":"https:\/\/santanderinagroup.com\/wp-content\/uploads\/2018\/11\/fabrica-ideas-1200x800px.jpg","contentUrl":"https:\/\/santanderinagroup.com\/wp-content\/uploads\/2018\/11\/fabrica-ideas-1200x800px.jpg","width":1200,"height":800},{"@type":"BreadcrumbList","@id":"https:\/\/santanderinagroup.com\/textile-research-and-innovation-in-the-ideas-factory\/#breadcrumb","itemListElement":[{"@type":"ListItem","position":1,"name":"Home","item":"https:\/\/santanderinagroup.com\/es\/"},{"@type":"ListItem","position":2,"name":"Investigaci\u00f3n e innovaci\u00f3n textil. Textil Santanderina en la F\u00e1brica de ideas de TVE"}]},{"@type":"WebSite","@id":"https:\/\/santanderinagroup.com\/#website","url":"https:\/\/santanderinagroup.com\/","name":"Santanderina Group","description":"","potentialAction":[{"@type":"SearchAction","target":{"@type":"EntryPoint","urlTemplate":"https:\/\/santanderinagroup.com\/?s={search_term_string}"},"query-input":{"@type":"PropertyValueSpecification","valueRequired":true,"valueName":"search_term_string"}}],"inLanguage":"es"},{"@type":"Person","@id":"https:\/\/santanderinagroup.com\/#\/schema\/person\/2b28c9d4ecbf46c0b229d510831cd552","name":"eurocastalia","image":{"@type":"ImageObject","inLanguage":"es","@id":"https:\/\/secure.gravatar.com\/avatar\/0ec9c164e3d4968e91210fd7e8e25c2da6c7620ee728fffae47d7c9206e9af4d?s=96&d=mm&r=g","url":"https:\/\/secure.gravatar.com\/avatar\/0ec9c164e3d4968e91210fd7e8e25c2da6c7620ee728fffae47d7c9206e9af4d?s=96&d=mm&r=g","contentUrl":"https:\/\/secure.gravatar.com\/avatar\/0ec9c164e3d4968e91210fd7e8e25c2da6c7620ee728fffae47d7c9206e9af4d?s=96&d=mm&r=g","caption":"eurocastalia"}}]}},"_links":{"self":[{"href":"https:\/\/santanderinagroup.com\/es\/wp-json\/wp\/v2\/posts\/73745","targetHints":{"allow":["GET"]}}],"collection":[{"href":"https:\/\/santanderinagroup.com\/es\/wp-json\/wp\/v2\/posts"}],"about":[{"href":"https:\/\/santanderinagroup.com\/es\/wp-json\/wp\/v2\/types\/post"}],"author":[{"embeddable":true,"href":"https:\/\/santanderinagroup.com\/es\/wp-json\/wp\/v2\/users\/7"}],"replies":[{"embeddable":true,"href":"https:\/\/santanderinagroup.com\/es\/wp-json\/wp\/v2\/comments?post=73745"}],"version-history":[{"count":1,"href":"https:\/\/santanderinagroup.com\/es\/wp-json\/wp\/v2\/posts\/73745\/revisions"}],"predecessor-version":[{"id":74999,"href":"https:\/\/santanderinagroup.com\/es\/wp-json\/wp\/v2\/posts\/73745\/revisions\/74999"}],"wp:featuredmedia":[{"embeddable":true,"href":"https:\/\/santanderinagroup.com\/es\/wp-json\/wp\/v2\/media\/73749"}],"wp:attachment":[{"href":"https:\/\/santanderinagroup.com\/es\/wp-json\/wp\/v2\/media?parent=73745"}],"wp:term":[{"taxonomy":"category","embeddable":true,"href":"https:\/\/santanderinagroup.com\/es\/wp-json\/wp\/v2\/categories?post=73745"},{"taxonomy":"post_tag","embeddable":true,"href":"https:\/\/santanderinagroup.com\/es\/wp-json\/wp\/v2\/tags?post=73745"}],"curies":[{"name":"wp","href":"https:\/\/api.w.org\/{rel}","templated":true}]}}