{"id":73987,"date":"2020-03-22T13:46:25","date_gmt":"2020-03-22T13:46:25","guid":{"rendered":"https:\/\/santanderinagroup.com\/?p=73987"},"modified":"2020-03-25T12:49:43","modified_gmt":"2020-03-25T12:49:43","slug":"mascarillas-esterilizadas","status":"publish","type":"post","link":"https:\/\/santanderinagroup.com\/es\/mascarillas-esterilizadas\/","title":{"rendered":"Tejido y mascarillas esterilizadas para la emergencia"},"content":{"rendered":"<div class=\"wpb-content-wrapper\"><p>[vc_row unlock_row=\u00bb\u00bb row_height_percent=\u00bb0&#8243; overlay_alpha=\u00bb100&#8243; gutter_size=\u00bb3&#8243; column_width_percent=\u00bb100&#8243; shift_y=\u00bb0&#8243; z_index=\u00bb0&#8243; row_height_use_pixel=\u00bb\u00bb css=\u00bb.vc_custom_1585116703516{padding-top: 0px !important;padding-bottom: 0px !important;}\u00bb][vc_column column_width_use_pixel=\u00bbyes\u00bb overlay_alpha=\u00bb50&#8243; gutter_size=\u00bb3&#8243; medium_width=\u00bb0&#8243; mobile_visibility=\u00bbyes\u00bb mobile_width=\u00bb0&#8243; shift_x=\u00bb0&#8243; shift_y=\u00bb0&#8243; shift_y_down=\u00bb0&#8243; z_index=\u00bb0&#8243; zoom_width=\u00bb0&#8243; zoom_height=\u00bb0&#8243; column_width_pixel=\u00bb800&#8243; width=\u00bb2\/12&#8243;][\/vc_column][vc_column width=\u00bb8\/12&#8243;][vc_column_text]<\/p>\n<h1 style=\"text-align: center;\">Tejido y mascarillas esterilizadas para la emergencia<\/h1>\n<p>[\/vc_column_text][vc_column_text css=\u00bb.vc_custom_1585127111606{padding-top: 0px !important;padding-bottom: 0px !important;}\u00bb]<\/p>\n<h4 style=\"text-align: center;\">22.03.2020<\/h4>\n<p>[\/vc_column_text][vc_column_text]<\/p>\n<p style=\"text-align: center;\">Textil Santanderina, en su planta de Cabez\u00f3n de la Sal, est\u00e1 trabajando ininterrumpidamente en la producci\u00f3n de un tejido destinado a la confecci\u00f3n de mascarillas, las cuales ser\u00e1n esterilizadas antes de su distribuci\u00f3n, para abastecer a clientes, colaboradores y Administraci\u00f3n del Estado en su lucha frente al COVID-19.<\/p>\n<p style=\"text-align: center;\">El tejido ofrecido parte de una fibra que se produce a partir de una pulpa de origen vegetal, conocida en el mercado como TENCEL, 100% Lenzing Lyocell. Tras las fases de hilatura y de tejedur\u00eda de calada, el tejido pasa a su proceso de preparaci\u00f3n, blanqueo y acabado, durante el cual es sometido a temperaturas de 170 grados y mediante el cual se le aplican una serie de productos qu\u00edmicos que le confieren unas excelentes prestaciones de repelencia.<\/p>\n<p style=\"text-align: center;\">Se trata, adem\u00e1s, de una soluci\u00f3n textil sostenible y respetuosa con el medio ambiente, estando el tejido certificado por Oeko-Tex Standard 100 (clase 2) y la normativa REACH.<\/p>\n<p style=\"text-align: center;\">La utilizaci\u00f3n de este tejido en la confecci\u00f3n de mascarillas hace que \u00e9stas dificulten la transmisi\u00f3n de las secreciones respiratorias que se generan al hablar, al toser y\/o al estornudar, por parte del usuario que la lleva, dejando claro que \u00e9stas no cumplen la legislaci\u00f3n europea vigente de EPI, ni la de producto sanitario.<\/p>\n<p>[\/vc_column_text][\/vc_column][vc_column column_width_percent=\u00bb100&#8243; overlay_alpha=\u00bb50&#8243; gutter_size=\u00bb3&#8243; medium_width=\u00bb0&#8243; mobile_visibility=\u00bbyes\u00bb mobile_width=\u00bb0&#8243; shift_x=\u00bb0&#8243; shift_y=\u00bb0&#8243; shift_y_down=\u00bb0&#8243; z_index=\u00bb0&#8243; width=\u00bb2\/12&#8243;][\/vc_column][\/vc_row][vc_row unlock_row=\u00bb\u00bb row_height_percent=\u00bb0&#8243; overlay_alpha=\u00bb100&#8243; gutter_size=\u00bb3&#8243; column_width_percent=\u00bb100&#8243; shift_y=\u00bb0&#8243; z_index=\u00bb0&#8243; row_height_use_pixel=\u00bb\u00bb css=\u00bb.vc_custom_1585116655767{padding-top: 0px !important;padding-bottom: 0px !important;}\u00bb][vc_column column_width_use_pixel=\u00bbyes\u00bb overlay_alpha=\u00bb50&#8243; gutter_size=\u00bb3&#8243; medium_width=\u00bb0&#8243; mobile_visibility=\u00bbyes\u00bb mobile_width=\u00bb0&#8243; shift_x=\u00bb0&#8243; shift_y=\u00bb0&#8243; shift_y_down=\u00bb0&#8243; z_index=\u00bb0&#8243; zoom_width=\u00bb0&#8243; zoom_height=\u00bb0&#8243; column_width_pixel=\u00bb800&#8243; width=\u00bb2\/12&#8243;][\/vc_column][vc_column column_width_percent=\u00bb100&#8243; back_color=\u00bbcolor-177794&#8243; overlay_alpha=\u00bb50&#8243; gutter_size=\u00bb3&#8243; medium_width=\u00bb0&#8243; mobile_width=\u00bb0&#8243; shift_x=\u00bb0&#8243; shift_y=\u00bb0&#8243; shift_y_down=\u00bb0&#8243; z_index=\u00bb0&#8243; width=\u00bb8\/12&#8243;][vc_column_text]<\/p>\n<p><strong>A todas aquellas personas que han recibido, o van a recibir, estas mascarillas, les recomendamos las siguientes instrucciones de mantenimiento:<\/strong><\/p>\n<p>1. Lavado dom\u00e9stico acuoso a temperatura m\u00e1xima 40\u00baC<br \/>\n2. Prohibici\u00f3n de lejiado<br \/>\n3. Prohibici\u00f3n de secado en secadora<br \/>\n4. Planchado a temperatura m\u00e1xima 150\u00baC (**)<br \/>\n5. Admite limpieza en seco con percloroetileno<br \/>\n6. Se recomienda su lavado cada ocho horas de trabajo, y no m\u00e1s de tres lavado durante su tiempo de vida \u00fatil<\/p>\n<p>[\/vc_column_text][\/vc_column][vc_column column_width_percent=\u00bb100&#8243; overlay_alpha=\u00bb50&#8243; gutter_size=\u00bb3&#8243; medium_width=\u00bb0&#8243; mobile_visibility=\u00bbyes\u00bb mobile_width=\u00bb0&#8243; shift_x=\u00bb0&#8243; shift_y=\u00bb0&#8243; shift_y_down=\u00bb0&#8243; z_index=\u00bb0&#8243; width=\u00bb2\/12&#8243;][\/vc_column][\/vc_row][vc_row unlock_row=\u00bb\u00bb row_height_percent=\u00bb0&#8243; overlay_alpha=\u00bb100&#8243; gutter_size=\u00bb3&#8243; column_width_percent=\u00bb100&#8243; shift_y=\u00bb0&#8243; z_index=\u00bb0&#8243; row_height_use_pixel=\u00bb\u00bb css=\u00bb.vc_custom_1585117305786{padding-top: 0px !important;padding-bottom: 0px !important;}\u00bb][vc_column column_width_use_pixel=\u00bbyes\u00bb overlay_alpha=\u00bb50&#8243; gutter_size=\u00bb3&#8243; medium_width=\u00bb0&#8243; mobile_visibility=\u00bbyes\u00bb mobile_width=\u00bb0&#8243; shift_x=\u00bb0&#8243; shift_y=\u00bb0&#8243; shift_y_down=\u00bb0&#8243; z_index=\u00bb0&#8243; zoom_width=\u00bb0&#8243; zoom_height=\u00bb0&#8243; column_width_pixel=\u00bb800&#8243; width=\u00bb2\/12&#8243;][\/vc_column][vc_column width=\u00bb8\/12&#8243;][vc_column_text]<\/p>\n<p style=\"text-align: center;\">Por \u00faltimo, recalcar la recomendaci\u00f3n de mantener la distancia entre personas que indica la O.M.S. y las recomendaciones del Ministerio de Sanidad, Consumo y Bienestar Social espa\u00f1ol respecto a la forma de actuaci\u00f3n para no contagiarse del COVID-19.<\/p>\n<p>[\/vc_column_text][\/vc_column][vc_column width=\u00bb2\/12&#8243;][\/vc_column][\/vc_row][vc_row unlock_row=\u00bb\u00bb row_height_percent=\u00bb0&#8243; override_padding=\u00bbyes\u00bb h_padding=\u00bb2&#8243; top_padding=\u00bb2&#8243; bottom_padding=\u00bb2&#8243; overlay_alpha=\u00bb100&#8243; gutter_size=\u00bb3&#8243; column_width_percent=\u00bb100&#8243; shift_y=\u00bb0&#8243; z_index=\u00bb0&#8243; row_height_use_pixel=\u00bb\u00bb css=\u00bb.vc_custom_1542713583431{padding-top: 0px !important;padding-bottom: 0px !important;}\u00bb][vc_column column_width_percent=\u00bb100&#8243; overlay_alpha=\u00bb50&#8243; gutter_size=\u00bb3&#8243; medium_width=\u00bb0&#8243; mobile_width=\u00bb0&#8243; shift_x=\u00bb0&#8243; shift_y=\u00bb0&#8243; shift_y_down=\u00bb0&#8243; z_index=\u00bb0&#8243; zoom_width=\u00bb0&#8243; zoom_height=\u00bb0&#8243; width=\u00bb2\/12&#8243;][\/vc_column][vc_column width=\u00bb8\/12&#8243;][vc_custom_heading heading_semantic=\u00bbh5&#8243; text_size=\u00bbh5&#8243;]Proceso de fabricaci\u00f3n del tejido en Textil Santanderina.[\/vc_custom_heading][vc_single_image media=\u00bb73989&#8243; media_width_percent=\u00bb100&#8243; media_link=\u00bb|||\u00bb][vc_single_image media=\u00bb73991&#8243; media_width_percent=\u00bb100&#8243; media_link=\u00bb|||\u00bb][vc_single_image media=\u00bb74057&#8243; media_width_percent=\u00bb100&#8243; media_link=\u00bb|||\u00bb][\/vc_column][vc_column width=\u00bb2\/12&#8243;][\/vc_column][\/vc_row][vc_row unlock_row=\u00bb\u00bb row_height_percent=\u00bb0&#8243; override_padding=\u00bbyes\u00bb h_padding=\u00bb2&#8243; top_padding=\u00bb2&#8243; bottom_padding=\u00bb2&#8243; overlay_alpha=\u00bb100&#8243; gutter_size=\u00bb3&#8243; column_width_percent=\u00bb100&#8243; shift_y=\u00bb0&#8243; z_index=\u00bb0&#8243; row_height_use_pixel=\u00bb\u00bb css=\u00bb.vc_custom_1542713583431{padding-top: 0px !important;padding-bottom: 0px !important;}\u00bb][vc_column column_width_percent=\u00bb100&#8243; overlay_alpha=\u00bb50&#8243; gutter_size=\u00bb3&#8243; medium_width=\u00bb0&#8243; mobile_width=\u00bb0&#8243; shift_x=\u00bb0&#8243; shift_y=\u00bb0&#8243; shift_y_down=\u00bb0&#8243; z_index=\u00bb0&#8243; zoom_width=\u00bb0&#8243; zoom_height=\u00bb0&#8243; width=\u00bb2\/12&#8243;][\/vc_column][vc_column width=\u00bb8\/12&#8243;][vc_custom_heading heading_semantic=\u00bbh5&#8243; text_size=\u00bbh5&#8243;]Proceso de corte de las mascarillas.[\/vc_custom_heading][vc_single_image media=\u00bb74045&#8243; media_width_percent=\u00bb100&#8243; media_link=\u00bb|||\u00bb][\/vc_column][vc_column width=\u00bb2\/12&#8243;][\/vc_column][\/vc_row][vc_row unlock_row=\u00bb\u00bb row_height_percent=\u00bb0&#8243; override_padding=\u00bbyes\u00bb h_padding=\u00bb2&#8243; top_padding=\u00bb2&#8243; bottom_padding=\u00bb0&#8243; overlay_alpha=\u00bb100&#8243; gutter_size=\u00bb3&#8243; column_width_percent=\u00bb100&#8243; shift_y=\u00bb0&#8243; z_index=\u00bb0&#8243; row_height_use_pixel=\u00bb\u00bb css=\u00bb.vc_custom_1511874265481{padding-top: 0px !important;padding-bottom: 0px !important;}\u00bb][vc_column column_width_use_pixel=\u00bbyes\u00bb overlay_alpha=\u00bb50&#8243; gutter_size=\u00bb3&#8243; medium_width=\u00bb0&#8243; shift_x=\u00bb0&#8243; shift_y=\u00bb0&#8243; zoom_width=\u00bb0&#8243; zoom_height=\u00bb0&#8243; column_width_pixel=\u00bb800&#8243; width=\u00bb2\/12&#8243;][\/vc_column][vc_column width=\u00bb8\/12&#8243;][vc_custom_heading heading_semantic=\u00bbh5&#8243; text_size=\u00bbh5&#8243;]Proceso de esterilizaci\u00f3n de las mascarillas fabricadas con el tejido de Textil Santanderina.[\/vc_custom_heading][vc_single_image media=\u00bb73998&#8243; media_width_percent=\u00bb100&#8243; media_link=\u00bb|||\u00bb][vc_single_image media=\u00bb74000&#8243; media_width_percent=\u00bb100&#8243; media_link=\u00bb|||\u00bb][\/vc_column][vc_column width=\u00bb2\/12&#8243;][\/vc_column][\/vc_row][vc_row unlock_row=\u00bb\u00bb row_height_percent=\u00bb0&#8243; override_padding=\u00bbyes\u00bb h_padding=\u00bb2&#8243; top_padding=\u00bb2&#8243; bottom_padding=\u00bb2&#8243; overlay_alpha=\u00bb100&#8243; gutter_size=\u00bb3&#8243; column_width_percent=\u00bb100&#8243; shift_y=\u00bb0&#8243; z_index=\u00bb0&#8243; row_height_use_pixel=\u00bb\u00bb css=\u00bb.vc_custom_1542713583431{padding-top: 0px !important;padding-bottom: 0px !important;}\u00bb][vc_column column_width_percent=\u00bb100&#8243; overlay_alpha=\u00bb50&#8243; gutter_size=\u00bb3&#8243; medium_width=\u00bb0&#8243; mobile_width=\u00bb0&#8243; shift_x=\u00bb0&#8243; shift_y=\u00bb0&#8243; shift_y_down=\u00bb0&#8243; z_index=\u00bb0&#8243; zoom_width=\u00bb0&#8243; zoom_height=\u00bb0&#8243; width=\u00bb2\/12&#8243;][\/vc_column][vc_column width=\u00bb8\/12&#8243;][vc_custom_heading heading_semantic=\u00bbh5&#8243; text_size=\u00bbh5&#8243;]Proceso de preparaci\u00f3n de los kits de mascarillas en Gildelasal.[\/vc_custom_heading][vc_single_image media=\u00bb74048&#8243; media_width_percent=\u00bb100&#8243; media_link=\u00bb|||\u00bb][vc_single_image media=\u00bb74050&#8243; media_width_percent=\u00bb100&#8243; media_link=\u00bb|||\u00bb][\/vc_column][vc_column width=\u00bb2\/12&#8243;][\/vc_column][\/vc_row][vc_row unlock_row=\u00bb\u00bb row_height_percent=\u00bb0&#8243; override_padding=\u00bbyes\u00bb h_padding=\u00bb2&#8243; top_padding=\u00bb2&#8243; bottom_padding=\u00bb0&#8243; overlay_alpha=\u00bb100&#8243; gutter_size=\u00bb3&#8243; column_width_percent=\u00bb100&#8243; shift_y=\u00bb0&#8243; z_index=\u00bb0&#8243; row_height_use_pixel=\u00bb\u00bb css=\u00bb.vc_custom_1511874265481{padding-top: 0px !important;padding-bottom: 0px !important;}\u00bb][vc_column column_width_use_pixel=\u00bbyes\u00bb overlay_alpha=\u00bb50&#8243; gutter_size=\u00bb3&#8243; medium_width=\u00bb0&#8243; shift_x=\u00bb0&#8243; shift_y=\u00bb0&#8243; zoom_width=\u00bb0&#8243; zoom_height=\u00bb0&#8243; column_width_pixel=\u00bb800&#8243; width=\u00bb2\/12&#8243;][\/vc_column][vc_column width=\u00bb8\/12&#8243;][vc_custom_heading heading_semantic=\u00bbh5&#8243; text_size=\u00bbh5&#8243;]Proceso de entrega de los kits de mascarillas esterilizados.[\/vc_custom_heading][vc_single_image media=\u00bb74053&#8243; media_width_percent=\u00bb100&#8243; media_link=\u00bb|||\u00bb][\/vc_column][vc_column width=\u00bb2\/12&#8243;][\/vc_column][\/vc_row][vc_row unlock_row=\u00bb\u00bb row_height_percent=\u00bb0&#8243; override_padding=\u00bbyes\u00bb h_padding=\u00bb2&#8243; top_padding=\u00bb2&#8243; bottom_padding=\u00bb0&#8243; overlay_alpha=\u00bb100&#8243; gutter_size=\u00bb3&#8243; column_width_percent=\u00bb100&#8243; shift_y=\u00bb0&#8243; z_index=\u00bb0&#8243; row_height_use_pixel=\u00bb\u00bb css=\u00bb.vc_custom_1511874265481{padding-top: 0px !important;padding-bottom: 0px !important;}\u00bb][vc_column column_width_use_pixel=\u00bbyes\u00bb overlay_alpha=\u00bb50&#8243; gutter_size=\u00bb3&#8243; medium_width=\u00bb0&#8243; shift_x=\u00bb0&#8243; shift_y=\u00bb0&#8243; zoom_width=\u00bb0&#8243; zoom_height=\u00bb0&#8243; column_width_pixel=\u00bb800&#8243; width=\u00bb2\/12&#8243;][\/vc_column][vc_column width=\u00bb8\/12&#8243;][vc_column_text][\/vc_column_text][\/vc_column][vc_column width=\u00bb2\/12&#8243;][\/vc_column][\/vc_row][vc_row unlock_row=\u00bb\u00bb row_height_percent=\u00bb0&#8243; override_padding=\u00bbyes\u00bb h_padding=\u00bb2&#8243; top_padding=\u00bb0&#8243; bottom_padding=\u00bb0&#8243; overlay_alpha=\u00bb100&#8243; gutter_size=\u00bb3&#8243; column_width_percent=\u00bb100&#8243; shift_y=\u00bb0&#8243; z_index=\u00bb0&#8243; row_height_use_pixel=\u00bb\u00bb css=\u00bb.vc_custom_1543402340229{padding-top: 0px !important;padding-bottom: 0px !important;}\u00bb][vc_column column_width_use_pixel=\u00bbyes\u00bb overlay_alpha=\u00bb50&#8243; gutter_size=\u00bb3&#8243; medium_width=\u00bb0&#8243; shift_x=\u00bb0&#8243; shift_y=\u00bb0&#8243; zoom_width=\u00bb0&#8243; zoom_height=\u00bb0&#8243; column_width_pixel=\u00bb800&#8243; width=\u00bb2\/12&#8243;][\/vc_column][vc_column column_width_percent=\u00bb100&#8243; align_horizontal=\u00bbalign_center\u00bb overlay_alpha=\u00bb50&#8243; gutter_size=\u00bb3&#8243; medium_width=\u00bb0&#8243; mobile_width=\u00bb0&#8243; shift_x=\u00bb0&#8243; shift_y=\u00bb0&#8243; shift_y_down=\u00bb0&#8243; z_index=\u00bb0&#8243; width=\u00bb8\/12&#8243; el_class=\u00bbboto-descarrega\u00bb][vc_button button_color=\u00bbcolor-309098&#8243; wide=\u00bbyes\u00bb border_width=\u00bb0&#8243; link=\u00bburl:https%3A%2F%2Fsantanderinagroup.com%2Fwp-content%2Fuploads%2F2017%2F06%2FCaracteristicas_tejido_mascarillas_Santanderina-2.pdf||target:%20_blank|\u00bb el_class=\u00bbboto-descarrega\u00bb icon=\u00bbfa fa-globe\u00bb]Caracter\u00edsticas del tejido para la confecci\u00f3n de mascarillas[\/vc_button][\/vc_column][vc_column width=\u00bb2\/12&#8243;][\/vc_column][\/vc_row][vc_row][vc_column width=\u00bb1\/1&#8243;][uncode_block id=\u00bb57860&#8243;][\/vc_column][\/vc_row]<\/p>\n<\/div>","protected":false},"excerpt":{"rendered":"<p>[vc_row unlock_row=\u00bb\u00bb row_height_percent=\u00bb0&#8243; overlay_alpha=\u00bb100&#8243; gutter_size=\u00bb3&#8243; column_width_percent=\u00bb100&#8243; shift_y=\u00bb0&#8243; z_index=\u00bb0&#8243; row_height_use_pixel=\u00bb\u00bb css=\u00bb.vc_custom_1585116703516{padding-top: 0px !important;padding-bottom: 0px !important;}\u00bb][vc_column column_width_use_pixel=\u00bbyes\u00bb overlay_alpha=\u00bb50&#8243; gutter_size=\u00bb3&#8243; medium_width=\u00bb0&#8243; mobile_visibility=\u00bbyes\u00bb mobile_width=\u00bb0&#8243; [&hellip;]<\/p>\n","protected":false},"author":7,"featured_media":73993,"comment_status":"open","ping_status":"closed","sticky":false,"template":"","format":"standard","meta":{"rs_blank_template":"","rs_page_bg_color":"","slide_template_v7":"","_monsterinsights_skip_tracking":false,"footnotes":"","_links_to":"","_links_to_target":""},"categories":[72,107],"tags":[],"class_list":["post-73987","post","type-post","status-publish","format-standard","has-post-thumbnail","hentry","category-sin-categorizar","category-uncategorized-es"],"yoast_head":"<!-- This site is optimized with the Yoast SEO plugin v28.3 - https:\/\/yoast.com\/product\/yoast-seo-wordpress\/ -->\n<title>Tejido y mascarillas esterilizadas para la emergencia - Santanderina Group<\/title>\n<meta name=\"robots\" content=\"index, follow, max-snippet:-1, max-image-preview:large, max-video-preview:-1\" \/>\n<link rel=\"canonical\" href=\"https:\/\/santanderinagroup.com\/?p=73988\" \/>\n<meta property=\"og:locale\" content=\"es_ES\" \/>\n<meta property=\"og:type\" content=\"article\" \/>\n<meta property=\"og:title\" content=\"Tejido y mascarillas esterilizadas para la emergencia - Santanderina Group\" \/>\n<meta property=\"og:description\" content=\"[vc_row unlock_row=\u00bb\u00bb row_height_percent=\u00bb0&#8243; overlay_alpha=\u00bb100&#8243; gutter_size=\u00bb3&#8243; column_width_percent=\u00bb100&#8243; shift_y=\u00bb0&#8243; z_index=\u00bb0&#8243; row_height_use_pixel=\u00bb\u00bb css=\u00bb.vc_custom_1585116703516{padding-top: 0px !important;padding-bottom: 0px !important;}\u00bb][vc_column column_width_use_pixel=\u00bbyes\u00bb overlay_alpha=\u00bb50&#8243; gutter_size=\u00bb3&#8243; medium_width=\u00bb0&#8243; mobile_visibility=\u00bbyes\u00bb mobile_width=\u00bb0&#8243; [&hellip;]\" \/>\n<meta property=\"og:url\" content=\"https:\/\/santanderinagroup.com\/?p=73988\" \/>\n<meta property=\"og:site_name\" content=\"Santanderina Group\" \/>\n<meta property=\"article:published_time\" content=\"2020-03-22T13:46:25+00:00\" \/>\n<meta property=\"article:modified_time\" content=\"2020-03-25T12:49:43+00:00\" \/>\n<meta property=\"og:image\" content=\"https:\/\/santanderinagroup.com\/wp-content\/uploads\/2020\/03\/Fabricacio\u0301n_tejidos_sanitarios_Santanderina.png\" \/>\n\t<meta property=\"og:image:width\" content=\"566\" \/>\n\t<meta property=\"og:image:height\" content=\"606\" \/>\n\t<meta property=\"og:image:type\" content=\"image\/png\" \/>\n<meta name=\"author\" content=\"eurocastalia\" \/>\n<meta name=\"twitter:card\" content=\"summary_large_image\" \/>\n<meta name=\"twitter:label1\" content=\"Escrito por\" \/>\n\t<meta name=\"twitter:data1\" content=\"eurocastalia\" \/>\n\t<meta name=\"twitter:label2\" content=\"Tiempo de lectura\" \/>\n\t<meta name=\"twitter:data2\" content=\"8 minutos\" \/>\n<script type=\"application\/ld+json\" class=\"yoast-schema-graph\">{\"@context\":\"https:\\\/\\\/schema.org\",\"@graph\":[{\"@type\":\"Article\",\"@id\":\"https:\\\/\\\/santanderinagroup.com\\\/?p=73988#article\",\"isPartOf\":{\"@id\":\"https:\\\/\\\/santanderinagroup.com\\\/?p=73988\"},\"author\":{\"name\":\"eurocastalia\",\"@id\":\"https:\\\/\\\/santanderinagroup.com\\\/#\\\/schema\\\/person\\\/2b28c9d4ecbf46c0b229d510831cd552\"},\"headline\":\"Tejido y mascarillas esterilizadas para la emergencia\",\"datePublished\":\"2020-03-22T13:46:25+00:00\",\"dateModified\":\"2020-03-25T12:49:43+00:00\",\"mainEntityOfPage\":{\"@id\":\"https:\\\/\\\/santanderinagroup.com\\\/?p=73988\"},\"wordCount\":1537,\"commentCount\":0,\"image\":{\"@id\":\"https:\\\/\\\/santanderinagroup.com\\\/?p=73988#primaryimage\"},\"thumbnailUrl\":\"https:\\\/\\\/santanderinagroup.com\\\/wp-content\\\/uploads\\\/2020\\\/03\\\/Fabricacio\u0301n_tejidos_sanitarios_Santanderina.png\",\"articleSection\":[\"Sin categorizar\",\"Uncategorized\"],\"inLanguage\":\"es\",\"potentialAction\":[{\"@type\":\"CommentAction\",\"name\":\"Comment\",\"target\":[\"https:\\\/\\\/santanderinagroup.com\\\/?p=73988#respond\"]}]},{\"@type\":\"WebPage\",\"@id\":\"https:\\\/\\\/santanderinagroup.com\\\/?p=73988\",\"url\":\"https:\\\/\\\/santanderinagroup.com\\\/?p=73988\",\"name\":\"Tejido y mascarillas esterilizadas para la emergencia - Santanderina Group\",\"isPartOf\":{\"@id\":\"https:\\\/\\\/santanderinagroup.com\\\/#website\"},\"primaryImageOfPage\":{\"@id\":\"https:\\\/\\\/santanderinagroup.com\\\/?p=73988#primaryimage\"},\"image\":{\"@id\":\"https:\\\/\\\/santanderinagroup.com\\\/?p=73988#primaryimage\"},\"thumbnailUrl\":\"https:\\\/\\\/santanderinagroup.com\\\/wp-content\\\/uploads\\\/2020\\\/03\\\/Fabricacio\u0301n_tejidos_sanitarios_Santanderina.png\",\"datePublished\":\"2020-03-22T13:46:25+00:00\",\"dateModified\":\"2020-03-25T12:49:43+00:00\",\"author\":{\"@id\":\"https:\\\/\\\/santanderinagroup.com\\\/#\\\/schema\\\/person\\\/2b28c9d4ecbf46c0b229d510831cd552\"},\"breadcrumb\":{\"@id\":\"https:\\\/\\\/santanderinagroup.com\\\/?p=73988#breadcrumb\"},\"inLanguage\":\"es\",\"potentialAction\":[{\"@type\":\"ReadAction\",\"target\":[\"https:\\\/\\\/santanderinagroup.com\\\/?p=73988\"]}]},{\"@type\":\"ImageObject\",\"inLanguage\":\"es\",\"@id\":\"https:\\\/\\\/santanderinagroup.com\\\/?p=73988#primaryimage\",\"url\":\"https:\\\/\\\/santanderinagroup.com\\\/wp-content\\\/uploads\\\/2020\\\/03\\\/Fabricacio\u0301n_tejidos_sanitarios_Santanderina.png\",\"contentUrl\":\"https:\\\/\\\/santanderinagroup.com\\\/wp-content\\\/uploads\\\/2020\\\/03\\\/Fabricacio\u0301n_tejidos_sanitarios_Santanderina.png\",\"width\":566,\"height\":606},{\"@type\":\"BreadcrumbList\",\"@id\":\"https:\\\/\\\/santanderinagroup.com\\\/?p=73988#breadcrumb\",\"itemListElement\":[{\"@type\":\"ListItem\",\"position\":1,\"name\":\"Home\",\"item\":\"https:\\\/\\\/santanderinagroup.com\\\/es\\\/\"},{\"@type\":\"ListItem\",\"position\":2,\"name\":\"Tejido y mascarillas esterilizadas para la emergencia\"}]},{\"@type\":\"WebSite\",\"@id\":\"https:\\\/\\\/santanderinagroup.com\\\/#website\",\"url\":\"https:\\\/\\\/santanderinagroup.com\\\/\",\"name\":\"Santanderina Group\",\"description\":\"\",\"potentialAction\":[{\"@type\":\"SearchAction\",\"target\":{\"@type\":\"EntryPoint\",\"urlTemplate\":\"https:\\\/\\\/santanderinagroup.com\\\/?s={search_term_string}\"},\"query-input\":{\"@type\":\"PropertyValueSpecification\",\"valueRequired\":true,\"valueName\":\"search_term_string\"}}],\"inLanguage\":\"es\"},{\"@type\":\"Person\",\"@id\":\"https:\\\/\\\/santanderinagroup.com\\\/#\\\/schema\\\/person\\\/2b28c9d4ecbf46c0b229d510831cd552\",\"name\":\"eurocastalia\",\"image\":{\"@type\":\"ImageObject\",\"inLanguage\":\"es\",\"@id\":\"https:\\\/\\\/secure.gravatar.com\\\/avatar\\\/0ec9c164e3d4968e91210fd7e8e25c2da6c7620ee728fffae47d7c9206e9af4d?s=96&d=mm&r=g\",\"url\":\"https:\\\/\\\/secure.gravatar.com\\\/avatar\\\/0ec9c164e3d4968e91210fd7e8e25c2da6c7620ee728fffae47d7c9206e9af4d?s=96&d=mm&r=g\",\"contentUrl\":\"https:\\\/\\\/secure.gravatar.com\\\/avatar\\\/0ec9c164e3d4968e91210fd7e8e25c2da6c7620ee728fffae47d7c9206e9af4d?s=96&d=mm&r=g\",\"caption\":\"eurocastalia\"}}]}<\/script>\n<!-- \/ Yoast SEO plugin. -->","yoast_head_json":{"title":"Tejido y mascarillas esterilizadas para la emergencia - Santanderina Group","robots":{"index":"index","follow":"follow","max-snippet":"max-snippet:-1","max-image-preview":"max-image-preview:large","max-video-preview":"max-video-preview:-1"},"canonical":"https:\/\/santanderinagroup.com\/?p=73988","og_locale":"es_ES","og_type":"article","og_title":"Tejido y mascarillas esterilizadas para la emergencia - Santanderina Group","og_description":"[vc_row unlock_row=\u00bb\u00bb row_height_percent=\u00bb0&#8243; overlay_alpha=\u00bb100&#8243; gutter_size=\u00bb3&#8243; column_width_percent=\u00bb100&#8243; shift_y=\u00bb0&#8243; z_index=\u00bb0&#8243; row_height_use_pixel=\u00bb\u00bb css=\u00bb.vc_custom_1585116703516{padding-top: 0px !important;padding-bottom: 0px !important;}\u00bb][vc_column column_width_use_pixel=\u00bbyes\u00bb overlay_alpha=\u00bb50&#8243; gutter_size=\u00bb3&#8243; medium_width=\u00bb0&#8243; mobile_visibility=\u00bbyes\u00bb mobile_width=\u00bb0&#8243; [&hellip;]","og_url":"https:\/\/santanderinagroup.com\/?p=73988","og_site_name":"Santanderina Group","article_published_time":"2020-03-22T13:46:25+00:00","article_modified_time":"2020-03-25T12:49:43+00:00","og_image":[{"width":566,"height":606,"url":"https:\/\/santanderinagroup.com\/wp-content\/uploads\/2020\/03\/Fabricacio\u0301n_tejidos_sanitarios_Santanderina.png","type":"image\/png"}],"author":"eurocastalia","twitter_card":"summary_large_image","twitter_misc":{"Escrito por":"eurocastalia","Tiempo de lectura":"8 minutos"},"schema":{"@context":"https:\/\/schema.org","@graph":[{"@type":"Article","@id":"https:\/\/santanderinagroup.com\/?p=73988#article","isPartOf":{"@id":"https:\/\/santanderinagroup.com\/?p=73988"},"author":{"name":"eurocastalia","@id":"https:\/\/santanderinagroup.com\/#\/schema\/person\/2b28c9d4ecbf46c0b229d510831cd552"},"headline":"Tejido y mascarillas esterilizadas para la emergencia","datePublished":"2020-03-22T13:46:25+00:00","dateModified":"2020-03-25T12:49:43+00:00","mainEntityOfPage":{"@id":"https:\/\/santanderinagroup.com\/?p=73988"},"wordCount":1537,"commentCount":0,"image":{"@id":"https:\/\/santanderinagroup.com\/?p=73988#primaryimage"},"thumbnailUrl":"https:\/\/santanderinagroup.com\/wp-content\/uploads\/2020\/03\/Fabricacio\u0301n_tejidos_sanitarios_Santanderina.png","articleSection":["Sin categorizar","Uncategorized"],"inLanguage":"es","potentialAction":[{"@type":"CommentAction","name":"Comment","target":["https:\/\/santanderinagroup.com\/?p=73988#respond"]}]},{"@type":"WebPage","@id":"https:\/\/santanderinagroup.com\/?p=73988","url":"https:\/\/santanderinagroup.com\/?p=73988","name":"Tejido y mascarillas esterilizadas para la emergencia - Santanderina Group","isPartOf":{"@id":"https:\/\/santanderinagroup.com\/#website"},"primaryImageOfPage":{"@id":"https:\/\/santanderinagroup.com\/?p=73988#primaryimage"},"image":{"@id":"https:\/\/santanderinagroup.com\/?p=73988#primaryimage"},"thumbnailUrl":"https:\/\/santanderinagroup.com\/wp-content\/uploads\/2020\/03\/Fabricacio\u0301n_tejidos_sanitarios_Santanderina.png","datePublished":"2020-03-22T13:46:25+00:00","dateModified":"2020-03-25T12:49:43+00:00","author":{"@id":"https:\/\/santanderinagroup.com\/#\/schema\/person\/2b28c9d4ecbf46c0b229d510831cd552"},"breadcrumb":{"@id":"https:\/\/santanderinagroup.com\/?p=73988#breadcrumb"},"inLanguage":"es","potentialAction":[{"@type":"ReadAction","target":["https:\/\/santanderinagroup.com\/?p=73988"]}]},{"@type":"ImageObject","inLanguage":"es","@id":"https:\/\/santanderinagroup.com\/?p=73988#primaryimage","url":"https:\/\/santanderinagroup.com\/wp-content\/uploads\/2020\/03\/Fabricacio\u0301n_tejidos_sanitarios_Santanderina.png","contentUrl":"https:\/\/santanderinagroup.com\/wp-content\/uploads\/2020\/03\/Fabricacio\u0301n_tejidos_sanitarios_Santanderina.png","width":566,"height":606},{"@type":"BreadcrumbList","@id":"https:\/\/santanderinagroup.com\/?p=73988#breadcrumb","itemListElement":[{"@type":"ListItem","position":1,"name":"Home","item":"https:\/\/santanderinagroup.com\/es\/"},{"@type":"ListItem","position":2,"name":"Tejido y mascarillas esterilizadas para la emergencia"}]},{"@type":"WebSite","@id":"https:\/\/santanderinagroup.com\/#website","url":"https:\/\/santanderinagroup.com\/","name":"Santanderina Group","description":"","potentialAction":[{"@type":"SearchAction","target":{"@type":"EntryPoint","urlTemplate":"https:\/\/santanderinagroup.com\/?s={search_term_string}"},"query-input":{"@type":"PropertyValueSpecification","valueRequired":true,"valueName":"search_term_string"}}],"inLanguage":"es"},{"@type":"Person","@id":"https:\/\/santanderinagroup.com\/#\/schema\/person\/2b28c9d4ecbf46c0b229d510831cd552","name":"eurocastalia","image":{"@type":"ImageObject","inLanguage":"es","@id":"https:\/\/secure.gravatar.com\/avatar\/0ec9c164e3d4968e91210fd7e8e25c2da6c7620ee728fffae47d7c9206e9af4d?s=96&d=mm&r=g","url":"https:\/\/secure.gravatar.com\/avatar\/0ec9c164e3d4968e91210fd7e8e25c2da6c7620ee728fffae47d7c9206e9af4d?s=96&d=mm&r=g","contentUrl":"https:\/\/secure.gravatar.com\/avatar\/0ec9c164e3d4968e91210fd7e8e25c2da6c7620ee728fffae47d7c9206e9af4d?s=96&d=mm&r=g","caption":"eurocastalia"}}]}},"_links":{"self":[{"href":"https:\/\/santanderinagroup.com\/es\/wp-json\/wp\/v2\/posts\/73987","targetHints":{"allow":["GET"]}}],"collection":[{"href":"https:\/\/santanderinagroup.com\/es\/wp-json\/wp\/v2\/posts"}],"about":[{"href":"https:\/\/santanderinagroup.com\/es\/wp-json\/wp\/v2\/types\/post"}],"author":[{"embeddable":true,"href":"https:\/\/santanderinagroup.com\/es\/wp-json\/wp\/v2\/users\/7"}],"replies":[{"embeddable":true,"href":"https:\/\/santanderinagroup.com\/es\/wp-json\/wp\/v2\/comments?post=73987"}],"version-history":[{"count":0,"href":"https:\/\/santanderinagroup.com\/es\/wp-json\/wp\/v2\/posts\/73987\/revisions"}],"wp:featuredmedia":[{"embeddable":true,"href":"https:\/\/santanderinagroup.com\/es\/wp-json\/wp\/v2\/media\/73993"}],"wp:attachment":[{"href":"https:\/\/santanderinagroup.com\/es\/wp-json\/wp\/v2\/media?parent=73987"}],"wp:term":[{"taxonomy":"category","embeddable":true,"href":"https:\/\/santanderinagroup.com\/es\/wp-json\/wp\/v2\/categories?post=73987"},{"taxonomy":"post_tag","embeddable":true,"href":"https:\/\/santanderinagroup.com\/es\/wp-json\/wp\/v2\/tags?post=73987"}],"curies":[{"name":"wp","href":"https:\/\/api.w.org\/{rel}","templated":true}]}}