{"id":74190,"date":"2021-03-16T10:23:19","date_gmt":"2021-03-16T10:23:19","guid":{"rendered":"https:\/\/santanderinagroup.com\/?p=74190"},"modified":"2021-03-17T08:22:41","modified_gmt":"2021-03-17T08:22:41","slug":"17-de-marzo-dia-mundial-del-mar","status":"publish","type":"post","link":"https:\/\/santanderinagroup.com\/es\/17-de-marzo-dia-mundial-del-mar\/","title":{"rendered":"17 de marzo, D\u00eda Mundial del Mar"},"content":{"rendered":"<div class=\"wpb-content-wrapper\"><p>[vc_row unlock_row=\u00bb\u00bb row_height_percent=\u00bb0&#8243; override_padding=\u00bbyes\u00bb h_padding=\u00bb2&#8243; top_padding=\u00bb0&#8243; bottom_padding=\u00bb0&#8243; overlay_alpha=\u00bb100&#8243; gutter_size=\u00bb3&#8243; column_width_percent=\u00bb100&#8243; shift_y=\u00bb0&#8243; z_index=\u00bb0&#8243; row_height_use_pixel=\u00bb\u00bb css=\u00bb.vc_custom_1511874355341{padding-top: 0px !important;padding-bottom: 0px !important;}\u00bb][vc_column column_width_use_pixel=\u00bbyes\u00bb overlay_alpha=\u00bb50&#8243; gutter_size=\u00bb3&#8243; medium_width=\u00bb0&#8243; shift_x=\u00bb0&#8243; shift_y=\u00bb0&#8243; zoom_width=\u00bb0&#8243; zoom_height=\u00bb0&#8243; column_width_pixel=\u00bb800&#8243; width=\u00bb2\/12&#8243;][\/vc_column][vc_column width=\u00bb8\/12&#8243;][vc_column_text]<\/p>\n<h1 style=\"text-align: center;\">17 de marzo, D\u00eda Mundial del Mar<\/h1>\n<p>[\/vc_column_text][\/vc_column][vc_column width=\u00bb2\/12&#8243;][\/vc_column][\/vc_row][vc_row unlock_row=\u00bb\u00bb row_height_percent=\u00bb0&#8243; override_padding=\u00bbyes\u00bb h_padding=\u00bb2&#8243; top_padding=\u00bb2&#8243; bottom_padding=\u00bb0&#8243; overlay_alpha=\u00bb100&#8243; gutter_size=\u00bb3&#8243; column_width_percent=\u00bb100&#8243; shift_y=\u00bb0&#8243; z_index=\u00bb0&#8243; row_height_use_pixel=\u00bb\u00bb css=\u00bb.vc_custom_1511874253033{padding-top: 0px !important;padding-bottom: 0px !important;}\u00bb][vc_column column_width_use_pixel=\u00bbyes\u00bb overlay_alpha=\u00bb50&#8243; gutter_size=\u00bb3&#8243; medium_width=\u00bb0&#8243; shift_x=\u00bb0&#8243; shift_y=\u00bb0&#8243; zoom_width=\u00bb0&#8243; zoom_height=\u00bb0&#8243; column_width_pixel=\u00bb800&#8243; width=\u00bb1\/12&#8243;][\/vc_column][vc_column column_width_percent=\u00bb100&#8243; override_padding=\u00bbyes\u00bb column_padding=\u00bb0&#8243; overlay_alpha=\u00bb50&#8243; gutter_size=\u00bb3&#8243; medium_width=\u00bb0&#8243; mobile_width=\u00bb0&#8243; shift_x=\u00bb0&#8243; shift_y=\u00bb0&#8243; shift_y_down=\u00bb0&#8243; z_index=\u00bb0&#8243; width=\u00bb10\/12&#8243; css=\u00bb.vc_custom_1511872399723{padding-top: 0px !important;padding-bottom: 0px !important;}\u00bb][vc_column_text css=\u00bb.vc_custom_1615889864765{padding-top: 0px !important;padding-bottom: 0px !important;}\u00bb]<\/p>\n<h4 style=\"text-align: center;\">17.03.2021<\/h4>\n<p>[\/vc_column_text][\/vc_column][vc_column width=\u00bb1\/12&#8243;][\/vc_column][\/vc_row][vc_row unlock_row=\u00bb\u00bb row_height_percent=\u00bb0&#8243; override_padding=\u00bbyes\u00bb h_padding=\u00bb2&#8243; top_padding=\u00bb2&#8243; bottom_padding=\u00bb0&#8243; overlay_alpha=\u00bb100&#8243; gutter_size=\u00bb3&#8243; column_width_percent=\u00bb100&#8243; shift_y=\u00bb0&#8243; z_index=\u00bb0&#8243; row_height_use_pixel=\u00bb\u00bb css=\u00bb.vc_custom_1511874265481{padding-top: 0px !important;padding-bottom: 0px !important;}\u00bb][vc_column column_width_use_pixel=\u00bbyes\u00bb overlay_alpha=\u00bb50&#8243; gutter_size=\u00bb3&#8243; medium_width=\u00bb0&#8243; shift_x=\u00bb0&#8243; shift_y=\u00bb0&#8243; zoom_width=\u00bb0&#8243; zoom_height=\u00bb0&#8243; column_width_pixel=\u00bb800&#8243; width=\u00bb2\/12&#8243;][\/vc_column][vc_column width=\u00bb8\/12&#8243;][vc_column_text]<\/p>\n<p style=\"text-align: center;\">Santanderina Group quiere contribuir al D\u00eda Mundial del Mar con una mayor concienciaci\u00f3n<br \/>\nsobre el respeto medioambiental y, en concreto, la del ecosistema marino.<\/p>\n<p style=\"text-align: center;\">Para ello hace extensiva a los distintos miembros del grupo la informaci\u00f3n sobre los valores<br \/>\nde sostenibilidad que defiende y apoya Santanderina Group desde diversos aspectos.<\/p>\n<p style=\"text-align: center;\">A nivel interno, con motivo del 17M se entregar\u00e1 a todos los trabajadores de Textil<br \/>\nSantanderina, Techs y SU&amp;PER una camiseta fabricada con fibras de SEAQUAL<br \/>\nINITIATIVE, un proyecto participado por Textil Santanderina por el cual se fabrican hilados<br \/>\ny tejidos de alta calidad a partir del reciclado de desechos de pl\u00e1stico recuperados del mar,<br \/>\ncontribuyendo a la regeneraci\u00f3n del oc\u00e9ano, preservando los recursos naturales y reduciendo<br \/>\nel impacto medioambiental de los residuos. As\u00ed mismo, se les entregar\u00e1 tambi\u00e9n una botella<br \/>\ndeportiva, como muestra de la implicaci\u00f3n de Santanderina Group con el deporte y los<br \/>\nh\u00e1bitos de vida saludables en un entorno y una comunidad que aprecia valores de respeto a la<br \/>\nnaturaleza y la salud.<\/p>\n<p>[\/vc_column_text][\/vc_column][vc_column width=\u00bb2\/12&#8243;][\/vc_column][\/vc_row][vc_row unlock_row=\u00bb\u00bb row_height_percent=\u00bb0&#8243; override_padding=\u00bbyes\u00bb h_padding=\u00bb2&#8243; top_padding=\u00bb2&#8243; bottom_padding=\u00bb2&#8243; overlay_alpha=\u00bb100&#8243; gutter_size=\u00bb3&#8243; column_width_percent=\u00bb100&#8243; shift_y=\u00bb0&#8243; z_index=\u00bb0&#8243; row_height_use_pixel=\u00bb\u00bb css=\u00bb.vc_custom_1542713583431{padding-top: 0px !important;padding-bottom: 0px !important;}\u00bb][vc_column column_width_percent=\u00bb100&#8243; overlay_alpha=\u00bb50&#8243; gutter_size=\u00bb3&#8243; medium_width=\u00bb0&#8243; mobile_width=\u00bb0&#8243; shift_x=\u00bb0&#8243; shift_y=\u00bb0&#8243; shift_y_down=\u00bb0&#8243; z_index=\u00bb0&#8243; zoom_width=\u00bb0&#8243; zoom_height=\u00bb0&#8243; width=\u00bb2\/12&#8243;][\/vc_column][vc_column column_width_percent=\u00bb100&#8243; overlay_alpha=\u00bb50&#8243; gutter_size=\u00bb3&#8243; medium_width=\u00bb0&#8243; mobile_width=\u00bb0&#8243; shift_x=\u00bb0&#8243; shift_y=\u00bb0&#8243; shift_y_down=\u00bb0&#8243; z_index=\u00bb0&#8243; width=\u00bb8\/12&#8243; css=\u00bb.vc_custom_1615888427020{padding-right: 150px !important;padding-left: 150px !important;}\u00bb][vc_single_image media=\u00bb74192&#8243; media_lightbox=\u00bbyes\u00bb media_poster=\u00bbyes\u00bb media_width_percent=\u00bb100&#8243; lbox_caption=\u00bbyes\u00bb lbox_connected=\u00bbyes\u00bb][vc_single_image media=\u00bb74194&#8243; media_lightbox=\u00bbyes\u00bb media_width_percent=\u00bb100&#8243; lbox_connected=\u00bbyes\u00bb][vc_single_image media=\u00bb74212&#8243; media_lightbox=\u00bbyes\u00bb media_width_percent=\u00bb100&#8243; lbox_connected=\u00bbyes\u00bb][vc_single_image media=\u00bb74216&#8243; media_lightbox=\u00bbyes\u00bb media_width_percent=\u00bb100&#8243; lbox_connected=\u00bbyes\u00bb][vc_single_image media=\u00bb74206&#8243; media_lightbox=\u00bbyes\u00bb media_width_percent=\u00bb100&#8243; lbox_connected=\u00bbyes\u00bb][vc_single_image media=\u00bb74209&#8243; media_lightbox=\u00bbyes\u00bb media_width_percent=\u00bb100&#8243; lbox_connected=\u00bbyes\u00bb][vc_single_image media=\u00bb74214&#8243; media_lightbox=\u00bbyes\u00bb media_width_percent=\u00bb100&#8243; lbox_connected=\u00bbyes\u00bb][\/vc_column][vc_column width=\u00bb2\/12&#8243;][\/vc_column][\/vc_row][vc_row][vc_column width=\u00bb1\/1&#8243;][uncode_block id=\u00bb57860&#8243;][\/vc_column][\/vc_row]<\/p>\n<\/div>","protected":false},"excerpt":{"rendered":"<p>[vc_row unlock_row=\u00bb\u00bb row_height_percent=\u00bb0&#8243; override_padding=\u00bbyes\u00bb h_padding=\u00bb2&#8243; top_padding=\u00bb0&#8243; bottom_padding=\u00bb0&#8243; overlay_alpha=\u00bb100&#8243; gutter_size=\u00bb3&#8243; column_width_percent=\u00bb100&#8243; shift_y=\u00bb0&#8243; z_index=\u00bb0&#8243; row_height_use_pixel=\u00bb\u00bb css=\u00bb.vc_custom_1511874355341{padding-top: 0px !important;padding-bottom: 0px !important;}\u00bb][vc_column column_width_use_pixel=\u00bbyes\u00bb overlay_alpha=\u00bb50&#8243; [&hellip;]<\/p>\n","protected":false},"author":7,"featured_media":74193,"comment_status":"closed","ping_status":"closed","sticky":false,"template":"","format":"standard","meta":{"rs_blank_template":"","rs_page_bg_color":"","slide_template_v7":"","_monsterinsights_skip_tracking":false,"footnotes":"","_links_to":"","_links_to_target":""},"categories":[72,107],"tags":[],"class_list":["post-74190","post","type-post","status-publish","format-standard","has-post-thumbnail","hentry","category-sin-categorizar","category-uncategorized-es"],"yoast_head":"<!-- This site is optimized with the Yoast SEO plugin v28.3 - https:\/\/yoast.com\/product\/yoast-seo-wordpress\/ -->\n<title>17 de marzo, D\u00eda Mundial del Mar - Santanderina Group<\/title>\n<meta name=\"robots\" content=\"index, follow, max-snippet:-1, max-image-preview:large, max-video-preview:-1\" \/>\n<link rel=\"canonical\" href=\"https:\/\/santanderinagroup.com\/17-march-world-maritime-day\/\" \/>\n<meta property=\"og:locale\" content=\"es_ES\" \/>\n<meta property=\"og:type\" content=\"article\" \/>\n<meta property=\"og:title\" content=\"17 de marzo, D\u00eda Mundial del Mar - Santanderina Group\" \/>\n<meta property=\"og:description\" content=\"[vc_row unlock_row=\u00bb\u00bb row_height_percent=\u00bb0&#8243; override_padding=\u00bbyes\u00bb h_padding=\u00bb2&#8243; top_padding=\u00bb0&#8243; bottom_padding=\u00bb0&#8243; overlay_alpha=\u00bb100&#8243; gutter_size=\u00bb3&#8243; column_width_percent=\u00bb100&#8243; shift_y=\u00bb0&#8243; z_index=\u00bb0&#8243; row_height_use_pixel=\u00bb\u00bb css=\u00bb.vc_custom_1511874355341{padding-top: 0px !important;padding-bottom: 0px !important;}\u00bb][vc_column column_width_use_pixel=\u00bbyes\u00bb overlay_alpha=\u00bb50&#8243; [&hellip;]\" \/>\n<meta property=\"og:url\" content=\"https:\/\/santanderinagroup.com\/17-march-world-maritime-day\/\" \/>\n<meta property=\"og:site_name\" content=\"Santanderina Group\" \/>\n<meta property=\"article:published_time\" content=\"2021-03-16T10:23:19+00:00\" \/>\n<meta property=\"article:modified_time\" content=\"2021-03-17T08:22:41+00:00\" \/>\n<meta property=\"og:image\" content=\"https:\/\/santanderinagroup.com\/wp-content\/uploads\/2021\/03\/Mensaje_dia_del_mar.jpg\" \/>\n\t<meta property=\"og:image:width\" content=\"1200\" \/>\n\t<meta property=\"og:image:height\" content=\"675\" \/>\n\t<meta property=\"og:image:type\" content=\"image\/jpeg\" \/>\n<meta name=\"author\" content=\"eurocastalia\" \/>\n<meta name=\"twitter:card\" content=\"summary_large_image\" \/>\n<meta name=\"twitter:label1\" content=\"Escrito por\" \/>\n\t<meta name=\"twitter:data1\" content=\"eurocastalia\" \/>\n\t<meta name=\"twitter:label2\" content=\"Tiempo de lectura\" \/>\n\t<meta name=\"twitter:data2\" content=\"4 minutos\" \/>\n<script type=\"application\/ld+json\" class=\"yoast-schema-graph\">{\"@context\":\"https:\\\/\\\/schema.org\",\"@graph\":[{\"@type\":\"Article\",\"@id\":\"https:\\\/\\\/santanderinagroup.com\\\/17-march-world-maritime-day\\\/#article\",\"isPartOf\":{\"@id\":\"https:\\\/\\\/santanderinagroup.com\\\/17-march-world-maritime-day\\\/\"},\"author\":{\"name\":\"eurocastalia\",\"@id\":\"https:\\\/\\\/santanderinagroup.com\\\/#\\\/schema\\\/person\\\/2b28c9d4ecbf46c0b229d510831cd552\"},\"headline\":\"17 de marzo, D\u00eda Mundial del Mar\",\"datePublished\":\"2021-03-16T10:23:19+00:00\",\"dateModified\":\"2021-03-17T08:22:41+00:00\",\"mainEntityOfPage\":{\"@id\":\"https:\\\/\\\/santanderinagroup.com\\\/17-march-world-maritime-day\\\/\"},\"wordCount\":708,\"image\":{\"@id\":\"https:\\\/\\\/santanderinagroup.com\\\/17-march-world-maritime-day\\\/#primaryimage\"},\"thumbnailUrl\":\"https:\\\/\\\/santanderinagroup.com\\\/wp-content\\\/uploads\\\/2021\\\/03\\\/Mensaje_dia_del_mar.jpg\",\"articleSection\":[\"Sin categorizar\",\"Uncategorized\"],\"inLanguage\":\"es\"},{\"@type\":\"WebPage\",\"@id\":\"https:\\\/\\\/santanderinagroup.com\\\/17-march-world-maritime-day\\\/\",\"url\":\"https:\\\/\\\/santanderinagroup.com\\\/17-march-world-maritime-day\\\/\",\"name\":\"17 de marzo, D\u00eda Mundial del Mar - Santanderina Group\",\"isPartOf\":{\"@id\":\"https:\\\/\\\/santanderinagroup.com\\\/#website\"},\"primaryImageOfPage\":{\"@id\":\"https:\\\/\\\/santanderinagroup.com\\\/17-march-world-maritime-day\\\/#primaryimage\"},\"image\":{\"@id\":\"https:\\\/\\\/santanderinagroup.com\\\/17-march-world-maritime-day\\\/#primaryimage\"},\"thumbnailUrl\":\"https:\\\/\\\/santanderinagroup.com\\\/wp-content\\\/uploads\\\/2021\\\/03\\\/Mensaje_dia_del_mar.jpg\",\"datePublished\":\"2021-03-16T10:23:19+00:00\",\"dateModified\":\"2021-03-17T08:22:41+00:00\",\"author\":{\"@id\":\"https:\\\/\\\/santanderinagroup.com\\\/#\\\/schema\\\/person\\\/2b28c9d4ecbf46c0b229d510831cd552\"},\"breadcrumb\":{\"@id\":\"https:\\\/\\\/santanderinagroup.com\\\/17-march-world-maritime-day\\\/#breadcrumb\"},\"inLanguage\":\"es\",\"potentialAction\":[{\"@type\":\"ReadAction\",\"target\":[\"https:\\\/\\\/santanderinagroup.com\\\/17-march-world-maritime-day\\\/\"]}]},{\"@type\":\"ImageObject\",\"inLanguage\":\"es\",\"@id\":\"https:\\\/\\\/santanderinagroup.com\\\/17-march-world-maritime-day\\\/#primaryimage\",\"url\":\"https:\\\/\\\/santanderinagroup.com\\\/wp-content\\\/uploads\\\/2021\\\/03\\\/Mensaje_dia_del_mar.jpg\",\"contentUrl\":\"https:\\\/\\\/santanderinagroup.com\\\/wp-content\\\/uploads\\\/2021\\\/03\\\/Mensaje_dia_del_mar.jpg\",\"width\":1200,\"height\":675},{\"@type\":\"BreadcrumbList\",\"@id\":\"https:\\\/\\\/santanderinagroup.com\\\/17-march-world-maritime-day\\\/#breadcrumb\",\"itemListElement\":[{\"@type\":\"ListItem\",\"position\":1,\"name\":\"Home\",\"item\":\"https:\\\/\\\/santanderinagroup.com\\\/es\\\/\"},{\"@type\":\"ListItem\",\"position\":2,\"name\":\"17 de marzo, D\u00eda Mundial del Mar\"}]},{\"@type\":\"WebSite\",\"@id\":\"https:\\\/\\\/santanderinagroup.com\\\/#website\",\"url\":\"https:\\\/\\\/santanderinagroup.com\\\/\",\"name\":\"Santanderina Group\",\"description\":\"\",\"potentialAction\":[{\"@type\":\"SearchAction\",\"target\":{\"@type\":\"EntryPoint\",\"urlTemplate\":\"https:\\\/\\\/santanderinagroup.com\\\/?s={search_term_string}\"},\"query-input\":{\"@type\":\"PropertyValueSpecification\",\"valueRequired\":true,\"valueName\":\"search_term_string\"}}],\"inLanguage\":\"es\"},{\"@type\":\"Person\",\"@id\":\"https:\\\/\\\/santanderinagroup.com\\\/#\\\/schema\\\/person\\\/2b28c9d4ecbf46c0b229d510831cd552\",\"name\":\"eurocastalia\",\"image\":{\"@type\":\"ImageObject\",\"inLanguage\":\"es\",\"@id\":\"https:\\\/\\\/secure.gravatar.com\\\/avatar\\\/0ec9c164e3d4968e91210fd7e8e25c2da6c7620ee728fffae47d7c9206e9af4d?s=96&d=mm&r=g\",\"url\":\"https:\\\/\\\/secure.gravatar.com\\\/avatar\\\/0ec9c164e3d4968e91210fd7e8e25c2da6c7620ee728fffae47d7c9206e9af4d?s=96&d=mm&r=g\",\"contentUrl\":\"https:\\\/\\\/secure.gravatar.com\\\/avatar\\\/0ec9c164e3d4968e91210fd7e8e25c2da6c7620ee728fffae47d7c9206e9af4d?s=96&d=mm&r=g\",\"caption\":\"eurocastalia\"}}]}<\/script>\n<!-- \/ Yoast SEO plugin. -->","yoast_head_json":{"title":"17 de marzo, D\u00eda Mundial del Mar - Santanderina Group","robots":{"index":"index","follow":"follow","max-snippet":"max-snippet:-1","max-image-preview":"max-image-preview:large","max-video-preview":"max-video-preview:-1"},"canonical":"https:\/\/santanderinagroup.com\/17-march-world-maritime-day\/","og_locale":"es_ES","og_type":"article","og_title":"17 de marzo, D\u00eda Mundial del Mar - Santanderina Group","og_description":"[vc_row unlock_row=\u00bb\u00bb row_height_percent=\u00bb0&#8243; override_padding=\u00bbyes\u00bb h_padding=\u00bb2&#8243; top_padding=\u00bb0&#8243; bottom_padding=\u00bb0&#8243; overlay_alpha=\u00bb100&#8243; gutter_size=\u00bb3&#8243; column_width_percent=\u00bb100&#8243; shift_y=\u00bb0&#8243; z_index=\u00bb0&#8243; row_height_use_pixel=\u00bb\u00bb css=\u00bb.vc_custom_1511874355341{padding-top: 0px !important;padding-bottom: 0px !important;}\u00bb][vc_column column_width_use_pixel=\u00bbyes\u00bb overlay_alpha=\u00bb50&#8243; [&hellip;]","og_url":"https:\/\/santanderinagroup.com\/17-march-world-maritime-day\/","og_site_name":"Santanderina Group","article_published_time":"2021-03-16T10:23:19+00:00","article_modified_time":"2021-03-17T08:22:41+00:00","og_image":[{"width":1200,"height":675,"url":"https:\/\/santanderinagroup.com\/wp-content\/uploads\/2021\/03\/Mensaje_dia_del_mar.jpg","type":"image\/jpeg"}],"author":"eurocastalia","twitter_card":"summary_large_image","twitter_misc":{"Escrito por":"eurocastalia","Tiempo de lectura":"4 minutos"},"schema":{"@context":"https:\/\/schema.org","@graph":[{"@type":"Article","@id":"https:\/\/santanderinagroup.com\/17-march-world-maritime-day\/#article","isPartOf":{"@id":"https:\/\/santanderinagroup.com\/17-march-world-maritime-day\/"},"author":{"name":"eurocastalia","@id":"https:\/\/santanderinagroup.com\/#\/schema\/person\/2b28c9d4ecbf46c0b229d510831cd552"},"headline":"17 de marzo, D\u00eda Mundial del Mar","datePublished":"2021-03-16T10:23:19+00:00","dateModified":"2021-03-17T08:22:41+00:00","mainEntityOfPage":{"@id":"https:\/\/santanderinagroup.com\/17-march-world-maritime-day\/"},"wordCount":708,"image":{"@id":"https:\/\/santanderinagroup.com\/17-march-world-maritime-day\/#primaryimage"},"thumbnailUrl":"https:\/\/santanderinagroup.com\/wp-content\/uploads\/2021\/03\/Mensaje_dia_del_mar.jpg","articleSection":["Sin categorizar","Uncategorized"],"inLanguage":"es"},{"@type":"WebPage","@id":"https:\/\/santanderinagroup.com\/17-march-world-maritime-day\/","url":"https:\/\/santanderinagroup.com\/17-march-world-maritime-day\/","name":"17 de marzo, D\u00eda Mundial del Mar - Santanderina Group","isPartOf":{"@id":"https:\/\/santanderinagroup.com\/#website"},"primaryImageOfPage":{"@id":"https:\/\/santanderinagroup.com\/17-march-world-maritime-day\/#primaryimage"},"image":{"@id":"https:\/\/santanderinagroup.com\/17-march-world-maritime-day\/#primaryimage"},"thumbnailUrl":"https:\/\/santanderinagroup.com\/wp-content\/uploads\/2021\/03\/Mensaje_dia_del_mar.jpg","datePublished":"2021-03-16T10:23:19+00:00","dateModified":"2021-03-17T08:22:41+00:00","author":{"@id":"https:\/\/santanderinagroup.com\/#\/schema\/person\/2b28c9d4ecbf46c0b229d510831cd552"},"breadcrumb":{"@id":"https:\/\/santanderinagroup.com\/17-march-world-maritime-day\/#breadcrumb"},"inLanguage":"es","potentialAction":[{"@type":"ReadAction","target":["https:\/\/santanderinagroup.com\/17-march-world-maritime-day\/"]}]},{"@type":"ImageObject","inLanguage":"es","@id":"https:\/\/santanderinagroup.com\/17-march-world-maritime-day\/#primaryimage","url":"https:\/\/santanderinagroup.com\/wp-content\/uploads\/2021\/03\/Mensaje_dia_del_mar.jpg","contentUrl":"https:\/\/santanderinagroup.com\/wp-content\/uploads\/2021\/03\/Mensaje_dia_del_mar.jpg","width":1200,"height":675},{"@type":"BreadcrumbList","@id":"https:\/\/santanderinagroup.com\/17-march-world-maritime-day\/#breadcrumb","itemListElement":[{"@type":"ListItem","position":1,"name":"Home","item":"https:\/\/santanderinagroup.com\/es\/"},{"@type":"ListItem","position":2,"name":"17 de marzo, D\u00eda Mundial del Mar"}]},{"@type":"WebSite","@id":"https:\/\/santanderinagroup.com\/#website","url":"https:\/\/santanderinagroup.com\/","name":"Santanderina Group","description":"","potentialAction":[{"@type":"SearchAction","target":{"@type":"EntryPoint","urlTemplate":"https:\/\/santanderinagroup.com\/?s={search_term_string}"},"query-input":{"@type":"PropertyValueSpecification","valueRequired":true,"valueName":"search_term_string"}}],"inLanguage":"es"},{"@type":"Person","@id":"https:\/\/santanderinagroup.com\/#\/schema\/person\/2b28c9d4ecbf46c0b229d510831cd552","name":"eurocastalia","image":{"@type":"ImageObject","inLanguage":"es","@id":"https:\/\/secure.gravatar.com\/avatar\/0ec9c164e3d4968e91210fd7e8e25c2da6c7620ee728fffae47d7c9206e9af4d?s=96&d=mm&r=g","url":"https:\/\/secure.gravatar.com\/avatar\/0ec9c164e3d4968e91210fd7e8e25c2da6c7620ee728fffae47d7c9206e9af4d?s=96&d=mm&r=g","contentUrl":"https:\/\/secure.gravatar.com\/avatar\/0ec9c164e3d4968e91210fd7e8e25c2da6c7620ee728fffae47d7c9206e9af4d?s=96&d=mm&r=g","caption":"eurocastalia"}}]}},"_links":{"self":[{"href":"https:\/\/santanderinagroup.com\/es\/wp-json\/wp\/v2\/posts\/74190","targetHints":{"allow":["GET"]}}],"collection":[{"href":"https:\/\/santanderinagroup.com\/es\/wp-json\/wp\/v2\/posts"}],"about":[{"href":"https:\/\/santanderinagroup.com\/es\/wp-json\/wp\/v2\/types\/post"}],"author":[{"embeddable":true,"href":"https:\/\/santanderinagroup.com\/es\/wp-json\/wp\/v2\/users\/7"}],"replies":[{"embeddable":true,"href":"https:\/\/santanderinagroup.com\/es\/wp-json\/wp\/v2\/comments?post=74190"}],"version-history":[{"count":3,"href":"https:\/\/santanderinagroup.com\/es\/wp-json\/wp\/v2\/posts\/74190\/revisions"}],"predecessor-version":[{"id":74229,"href":"https:\/\/santanderinagroup.com\/es\/wp-json\/wp\/v2\/posts\/74190\/revisions\/74229"}],"wp:featuredmedia":[{"embeddable":true,"href":"https:\/\/santanderinagroup.com\/es\/wp-json\/wp\/v2\/media\/74193"}],"wp:attachment":[{"href":"https:\/\/santanderinagroup.com\/es\/wp-json\/wp\/v2\/media?parent=74190"}],"wp:term":[{"taxonomy":"category","embeddable":true,"href":"https:\/\/santanderinagroup.com\/es\/wp-json\/wp\/v2\/categories?post=74190"},{"taxonomy":"post_tag","embeddable":true,"href":"https:\/\/santanderinagroup.com\/es\/wp-json\/wp\/v2\/tags?post=74190"}],"curies":[{"name":"wp","href":"https:\/\/api.w.org\/{rel}","templated":true}]}}